{"id":10637,"date":"2013-07-04T09:50:33","date_gmt":"2013-07-04T08:50:33","guid":{"rendered":"http:\/\/kravallslojd.se\/wordpress\/?p=10637"},"modified":"2013-07-04T09:50:33","modified_gmt":"2013-07-04T08:50:33","slug":"ateljen","status":"publish","type":"post","link":"https:\/\/kravallslojd.se\/wordpress\/?p=10637","title":{"rendered":"Atelj\u00e9n"},"content":{"rendered":"<p>&nbsp;<\/p>\n<p>Lycka \u00e4r att ha en egen funktionell plats att arbeta p\u00e5!<\/p>\n<p>&nbsp;<\/p>\n<p><img decoding=\"async\" loading=\"lazy\" class=\"size-medium wp-image-10638 alignleft\" alt=\"IMG_5590\" src=\"http:\/\/kravallslojd.se\/wordpress\/wp-content\/uploads\/2013\/07\/IMG_5590-300x248.jpg\" width=\"300\" height=\"248\" \/><\/p>\n<p>Jag jobbade i m\u00e5nga \u00e5r med allt mitt sl\u00f6jdande hemma. Stickade, spann, v\u00e4vde, f\u00e4rgade tv\u00e4ttade ull. L\u00e4gg till ett materiallager plus varulagret f\u00f6r min webbutik,<a href=\"http:\/\/www.limmo-design.se\"  target=\"_blank\"> www.limmo-design.se<\/a>, och det blev ganska tr\u00e5ngt i en tv\u00e5a p\u00e5 70kvadrat.<\/p>\n<p>Men, i januari 2012 flyttade jag s\u00e5 \u00e4ntligen in verksamheten i min alldeles egna atelj\u00e9 i Br\u00e5n 110, utanf\u00f6r V\u00e4nn\u00e4sby. Mina hyresv\u00e4rdar, varav den ena \u00e4r karvsnittssl\u00f6jdaren Ylva G\u00f6ransson, hade k\u00f6pt fastigheten bredvid deras f\u00f6r att s\u00e4kra en lokal \u00e5t den skateboardtillverkning den ena av deras s\u00f6ner hade b\u00f6rjat med. Och d\u00e5 var jag framme och h\u00f6rde om det inte skulle kunna bli en lokal \u00e5t mig ocks\u00e5. Och i januari 2012 flyttade jag in i ett rum p\u00e5 lite mer \u00e4n 20kvadrat, med v\u00e5trumsgolv, diskb\u00e4nk, internet och specialbyggt f\u00f6r mina behov.<\/p>\n<p>&nbsp;<\/p>\n<p>Idag har jag s\u00e5v\u00e4l mitt f\u00e4rgeri, min v\u00e4vstol, all ullverksamhet samt butiken h\u00e4r. Och nog g\u00f6r det skillnad. Jag beh\u00f6ver inte vara r\u00e4dd att<\/p>\n<p>f\u00f6rst\u00f6ra k\u00f6ket med f\u00e4rgst\u00e4nk n\u00e4r jag f\u00e4rgar. Jag har plats f\u00f6r v\u00e4vstolen h\u00e4r ist\u00e4llet f\u00f6r att beh\u00f6va k\u00f6ra 22 mil till mina f\u00f6r\u00e4ldrar f\u00f6r att v\u00e4va. Och jag kan ha en butiksh\u00f6rna d\u00e4r det g\u00e5r att komma och handla p\u00e5 plats.<\/p>\n<p><img decoding=\"async\" loading=\"lazy\" class=\"alignright size-medium wp-image-10639\" alt=\"IMG_5593\" src=\"http:\/\/kravallslojd.se\/wordpress\/wp-content\/uploads\/2013\/07\/IMG_5593-300x248.jpg\" width=\"300\" height=\"248\" \/><\/p>\n<p>Som bonus har jag dessutom f\u00e5tt hantverksarbetskamrater n\u00e4r jag \u00e4r i atelj\u00e9n. M\u00f6jligheten att b\u00e5de kunna l\u00e5na en hand n\u00e4r n\u00e5got beh\u00f6vs h\u00e5llas i som att kunna diskutera id\u00e9er.<\/p>\n","protected":false},"excerpt":{"rendered":"<p>&nbsp; Lycka \u00e4r att ha en egen funktionell plats att arbeta p\u00e5! &nbsp; Jag jobbade i m\u00e5nga \u00e5r med allt mitt sl\u00f6jdande hemma. Stickade, spann, v\u00e4vde, f\u00e4rgade tv\u00e4ttade ull. L\u00e4gg till ett materiallager plus varulagret f\u00f6r min webbutik, www.limmo-design.se, och det blev ganska tr\u00e5ngt i en tv\u00e5a p\u00e5 70kvadrat. Men, i januari 2012 flyttade jag [&hellip;]<\/p>\n","protected":false},"author":88,"featured_media":0,"comment_status":"open","ping_status":"open","sticky":false,"template":"","format":"standard","meta":[],"categories":[50],"tags":[179,728],"_links":{"self":[{"href":"https:\/\/kravallslojd.se\/wordpress\/index.php?rest_route=\/wp\/v2\/posts\/10637"}],"collection":[{"href":"https:\/\/kravallslojd.se\/wordpress\/index.php?rest_route=\/wp\/v2\/posts"}],"about":[{"href":"https:\/\/kravallslojd.se\/wordpress\/index.php?rest_route=\/wp\/v2\/types\/post"}],"author":[{"embeddable":true,"href":"https:\/\/kravallslojd.se\/wordpress\/index.php?rest_route=\/wp\/v2\/users\/88"}],"replies":[{"embeddable":true,"href":"https:\/\/kravallslojd.se\/wordpress\/index.php?rest_route=%2Fwp%2Fv2%2Fcomments&post=10637"}],"version-history":[{"count":1,"href":"https:\/\/kravallslojd.se\/wordpress\/index.php?rest_route=\/wp\/v2\/posts\/10637\/revisions"}],"predecessor-version":[{"id":10642,"href":"https:\/\/kravallslojd.se\/wordpress\/index.php?rest_route=\/wp\/v2\/posts\/10637\/revisions\/10642"}],"wp:attachment":[{"href":"https:\/\/kravallslojd.se\/wordpress\/index.php?rest_route=%2Fwp%2Fv2%2Fmedia&parent=10637"}],"wp:term":[{"taxonomy":"category","embeddable":true,"href":"https:\/\/kravallslojd.se\/wordpress\/index.php?rest_route=%2Fwp%2Fv2%2Fcategories&post=10637"},{"taxonomy":"post_tag","embeddable":true,"href":"https:\/\/kravallslojd.se\/wordpress\/index.php?rest_route=%2Fwp%2Fv2%2Ftags&post=10637"}],"curies":[{"name":"wp","href":"https:\/\/api.w.org\/{rel}","templated":true}]}}