{"id":1079,"date":"2009-01-06T22:29:15","date_gmt":"2009-01-06T20:29:15","guid":{"rendered":"http:\/\/kravallslojd.se\/bloggs2\/?p=1079"},"modified":"2009-01-06T22:29:15","modified_gmt":"2009-01-06T20:29:15","slug":"valkommen-morker","status":"publish","type":"post","link":"https:\/\/kravallslojd.se\/wordpress\/?p=1079","title":{"rendered":"V\u00e4lkommen m\u00f6rker!"},"content":{"rendered":"<p>Julen \u00e4r v\u00e4l p\u00e5 n\u00e5got s\u00e4tt f\u00f6rknippad med ljus, trots, eller kanske framf\u00f6rallt beroende p\u00e5 att det \u00e4r den m\u00f6rkaste tiden p\u00e5 hela \u00e5ret, i alla fall om man bor i det geografiska omr\u00e5de som kallas Sverige.Julens ljus kan f\u00f6rknippas med v\u00e4rldens ljus och bla bla bla, ja, ni h\u00e4nger med antar jag, ljuset som symbol, ett ljus i m\u00f6rkret och \u00e4nnu mera bildspr\u00e5k.<\/p>\n<p>Jag funderade lite p\u00e5 detta med ljus i denna tid av m\u00f6rker (Obs! Detta kommer f\u00f6rhoppningsvis inte urarta till n\u00e5gon v\u00e4ckelsetext, inte \u00e4r avsikten s\u00e5dan i alla fall) n\u00e4r jag lyckades ta mig ut, utanf\u00f6r allt artificiellt och p\u00e5tr\u00e4ngande ljus n\u00e4r jag under julen under en promenad en sen kv\u00e4ll med t\u00e4mligen best\u00e4mda steg styrde mot en skog. D\u00e4r fanns inget p\u00e5tr\u00e4ngande ljus, knappt n\u00e5got ljus alls, det som fanns var stj\u00e4rnorna, och dessa lyste inte tillr\u00e4ckligt f\u00f6r att jag skulle kunna undvika att snubbla runt ute i m\u00f6rkret med mitt illa tr\u00e4nade m\u00f6rkerseende som hj\u00e4lpmedel. \u00c4nd\u00e5 var det befriande att slippa att st\u00e4ndigt vara bl\u00e4ndad av allt ljus som annars alltid omger en.<\/p>\n<p>Hur ska jag nu koppla detta till det jag p\u00e5st\u00e5tt att jag ska blogga om nu d\u00e5, allts\u00e5 offentlig konst, som \u00e4r n\u00e5got av ett favorit\u00e4mne f\u00f6r min verksamhet. Vi f\u00e5r se hur jag lyckas&#8230;<\/p>\n<p>\u00c4r det verkligen sunt med st\u00e4ndig upplysning av alla offentliga platser och offentlig konst, och bidrar den offentliga konsten till mer ljusf\u00f6roreningar som jag anser b\u00f6rjar bli n\u00e5got av en styggelse?  Detta har jag funderat p\u00e5 en del och m\u00e5ste s\u00e4ga att det \u00e4r en ganska osund inst\u00e4llning till ljuset som finns, allt ska upplysas, allt ska st\u00e4ndigt vara tillg\u00e4ngligt. \u00c4r inte lite av charmen med allm\u00e4nna platser, allm\u00e4n konst, det allm\u00e4nna vad det nu m\u00e5 vara, att det ska vara f\u00f6r\u00e4nderligt, att det ska finnas liv och vara till f\u00f6r oss medborgare, att det ska formas, inte presenteras och p\u00e5tvingas? Jag \u00e4r av uppfattningen att svaret p\u00e5 min egen fr\u00e5ga b\u00f6r kunna vara ja.<\/p>\n<p>N\u00e4r det \u00f6verallt talas om att vi ska spara energi och st\u00e4lla om v\u00e5r livsstil f\u00f6r att t\u00e4ra n\u00e5got mindre p\u00e5 jordens resurser kan det tyckas lite m\u00e4rkligt att det vid denna tid av \u00e5ret uppmuntras och tas f\u00f6r givet att allt ska vara upplyst. Vad f\u00f6rsvarar ett s\u00e5dant t\u00e4nkande? Att allting alltid ska vara upplyst och tillg\u00e4ngligt skapar inget utrymme f\u00f6r \u00e5sk\u00e5daren, f\u00f6r betraktaren, f\u00f6r flan\u00f6ren, f\u00f6r de f\u00f6rbipasserande, allt trycks upp i ansiktet p\u00e5 en.  Ljusf\u00f6roreningar \u00e4r n\u00e5got som det b\u00f6rjat talats allt mer om, det moderna samh\u00e4llets \u00f6verfl\u00f6d av ljus och avsaknad av m\u00f6rker. Offentlig konst upplyses ofta p\u00e5 ett eller annat s\u00e4tt, ljuss\u00e4ttning av konst blir allt vanligare, men jag anser att detta \u00e4r n\u00e5got som i viss m\u00e5n borde motarbetas. I och f\u00f6r sig kanske syftet med utst\u00e4llande, utplacerandet eller vad det nu m\u00e5 r\u00f6ra sig om \u00e4r att det objekt, den text, den f\u00e4rg som utplacerats ska upplysas, d\u00e5 har jag inte samma inv\u00e4ndning, men likv\u00e4l bidrar det till mer upplysning och mer ljusf\u00f6roreningar.<\/p>\n<p>Kanske \u00e4r det inte s\u00e5 att den som skriker h\u00f6gst har r\u00e4tt, kanske \u00e4r det d\u00e5 inte heller s\u00e5 att det som p\u00e5tvingas folk \u00e4r det som dessa uppskattar, kanske \u00e4r det snarare s\u00e5 att konst, installationer, manifestationer som har ett v\u00e4rde f\u00f6r den enskilde \u00e4r s\u00e5dana som ber\u00f6r, och att det ber\u00f6r olika n\u00e4r det finns en dynamik, n\u00e4r inte konceptet \u00e4r f\u00e4rdigpaketerat, presenterat och statiskt. F\u00f6r\u00e4ndringar och de k\u00e4nslor som det medf\u00f6r anser jag \u00e4r det som g\u00f6r konst intressant.  F\u00f6r att motargumentera lite s\u00e5 finns det sj\u00e4lvklart s\u00e4kerhetsaspekter p\u00e5 upplysning av offentliga platser, men jag tror att det mycket av upplysningen \u00e4r f\u00f6r v\u00e4l tilltagen.<\/p>\n<p>S\u00e5 slutligen blir dagens tips: G\u00e5 ut och njut av det m\u00f6rker ni lyckas hitta, motarbeta en alltf\u00f6r l\u00e5ngtg\u00e5ende upplysning och ljusf\u00f6rorening, tr\u00e4na ert m\u00f6rkerseende och t\u00e4nk p\u00e5 att snart \u00e5terv\u00e4nder det naturliga ljuset som \u00e4r bra mycket b\u00e4ttre \u00e4n allt artificiellt ljus som tvingas p\u00e5 er hela tiden.<\/p>\n<p>Kom g\u00e4rna med synpunkter ocks\u00e5, det \u00e4r s\u00e5dant som f\u00f6r utvecklingen fram\u00e5t.<\/p>\n<p>Frid!<\/p>\n<p><em>Den Maskerade KulturAktivisten<\/em><\/p>\n","protected":false},"excerpt":{"rendered":"<p>Julen \u00e4r v\u00e4l p\u00e5 n\u00e5got s\u00e4tt f\u00f6rknippad med ljus, trots, eller kanske framf\u00f6rallt beroende p\u00e5 att det \u00e4r den m\u00f6rkaste tiden p\u00e5 hela \u00e5ret, i alla fall om man bor i det geografiska omr\u00e5de som kallas Sverige.Julens ljus kan f\u00f6rknippas med v\u00e4rldens ljus och bla bla bla, ja, ni h\u00e4nger med antar jag, ljuset som [&hellip;]<\/p>\n","protected":false},"author":16,"featured_media":0,"comment_status":"open","ping_status":"open","sticky":false,"template":"","format":"standard","meta":[],"categories":[67],"tags":[],"_links":{"self":[{"href":"https:\/\/kravallslojd.se\/wordpress\/index.php?rest_route=\/wp\/v2\/posts\/1079"}],"collection":[{"href":"https:\/\/kravallslojd.se\/wordpress\/index.php?rest_route=\/wp\/v2\/posts"}],"about":[{"href":"https:\/\/kravallslojd.se\/wordpress\/index.php?rest_route=\/wp\/v2\/types\/post"}],"author":[{"embeddable":true,"href":"https:\/\/kravallslojd.se\/wordpress\/index.php?rest_route=\/wp\/v2\/users\/16"}],"replies":[{"embeddable":true,"href":"https:\/\/kravallslojd.se\/wordpress\/index.php?rest_route=%2Fwp%2Fv2%2Fcomments&post=1079"}],"version-history":[{"count":2,"href":"https:\/\/kravallslojd.se\/wordpress\/index.php?rest_route=\/wp\/v2\/posts\/1079\/revisions"}],"predecessor-version":[{"id":1081,"href":"https:\/\/kravallslojd.se\/wordpress\/index.php?rest_route=\/wp\/v2\/posts\/1079\/revisions\/1081"}],"wp:attachment":[{"href":"https:\/\/kravallslojd.se\/wordpress\/index.php?rest_route=%2Fwp%2Fv2%2Fmedia&parent=1079"}],"wp:term":[{"taxonomy":"category","embeddable":true,"href":"https:\/\/kravallslojd.se\/wordpress\/index.php?rest_route=%2Fwp%2Fv2%2Fcategories&post=1079"},{"taxonomy":"post_tag","embeddable":true,"href":"https:\/\/kravallslojd.se\/wordpress\/index.php?rest_route=%2Fwp%2Fv2%2Ftags&post=1079"}],"curies":[{"name":"wp","href":"https:\/\/api.w.org\/{rel}","templated":true}]}}