{"id":1084,"date":"2009-01-08T22:01:06","date_gmt":"2009-01-08T20:01:06","guid":{"rendered":"http:\/\/kravallslojd.se\/bloggs2\/?p=1084"},"modified":"2009-01-08T22:01:06","modified_gmt":"2009-01-08T20:01:06","slug":"offentliga-rummet-ar-det-ditt","status":"publish","type":"post","link":"https:\/\/kravallslojd.se\/wordpress\/?p=1084","title":{"rendered":"Offentliga rummet, \u00e4r det ditt?"},"content":{"rendered":"<p>F\u00f6rs\u00f6ker du p\u00e5verka utformandet av det offentliga rummet och i s\u00e5 fall p\u00e5 vilket s\u00e4tt? (Jag skulle g\u00e4rna vilja h\u00f6ra lite olika uppfattningar om detta, s\u00e5 kommentera g\u00e4rna)<\/p>\n<p>Slutligen handlar det \u00e4nd\u00e5 om vem det \u00e4r som best\u00e4mmer hur det offentliga rummet ska se ut, och vem detta ska vara till f\u00f6r, hur stor plats enskilda och grupper ska till\u00e5tas ta.<\/p>\n<p>Jag \u00e4r av uppfattningen att i takt med att det offentliga rummet privatiseras och kommersialiseras, inte bara i st\u00e4derna, utan \u00e4ven p\u00e5 landsbygden, s\u00e5 minskar utrymmet f\u00f6r medborgarna, d\u00e5 jag tror att f\u00f6r att k\u00e4nna sig bekv\u00e4m och hemma i offentligheten ocks\u00e5 m\u00e5ste k\u00e4nna sig trygg, och trygg tror jag att man k\u00e4nner sig n\u00e4r man k\u00e4nner att det \u00e4r till\u00e5tet f\u00f6r mig som individ att ta plats i offentligheten. Att ta plats i offentligheten (h\u00e4r menat det offentliga rummet) b\u00f6r str\u00e4cka sig l\u00e4ngre \u00e4n att ta en plats i form av passiv mottagare och konsument, kanske som p\u00e5verkare, kanske som aktiv konsument, eller vad det nu m\u00e5 vara. Alla roller b\u00f6r uppmuntras f\u00f6r att skapa ett rum f\u00f6r de medborgarna och som bygger p\u00e5 dessas intressen och p\u00e5 dessas olikhet.<\/p>\n<p>Personligen blir jag ofta inspirerad av att se hur n\u00e5gon p\u00e5 ett kreativt s\u00e4tt anv\u00e4nt sig av det offentliga rummet f\u00f6r att framf\u00f6ra budskap, eller kanske bara ber\u00f6ra eller uppr\u00f6ra. Jag anser att det \u00e4r en r\u00e4ttighet, sj\u00e4lvklart f\u00f6ljt av vissa skyldigheter, att kunna p\u00e5verka sin livsmilj\u00f6 och att den r\u00e4tten \u00e4r n\u00e5got mycket viktigt f\u00f6r att individen ska kunna k\u00e4nna trygghet i sin vardag. D\u00e5 kr\u00e4vs att det offentliga rummet tas i besittning av medborgarna och g\u00f6rs till n\u00e5got f\u00f6r medborgarna, inte n\u00e5got p\u00e5tvingat som passivt ska accepteras och som inte kan p\u00e5verkas och inte heller f\u00f6r\u00e4ndras. Medborgarinflytandet anser jag skulle g\u00f6ras till regel mer \u00e4n till en aspekt i utvecklingen av det offentliga rummet. Medborgarinitiativ och liknande finns runt om i landet, men jag anser att det beh\u00f6vs ett st\u00f6rre demokratiskt inslag f\u00f6r att tillfredsst\u00e4lla de m\u00e5nga individerna som varje dag vistas ute och deras behov och \u00f6nskningar.<\/p>\n<p>S\u00e5 dagens uppmaning handlar v\u00e4l om att anv\u00e4nd din st\u00e4llning som medborgare och f\u00f6rs\u00f6k p\u00e5verka rummet omkring dig \u00e5t det h\u00e5ll Du vill.<br \/>\nJa, det var v\u00e4l dagens fundering.<\/p>\n<p>Frid!<\/p>\n<p><em>Maskerade KultutAktivisten<br \/>\n<\/em><\/p>\n","protected":false},"excerpt":{"rendered":"<p>F\u00f6rs\u00f6ker du p\u00e5verka utformandet av det offentliga rummet och i s\u00e5 fall p\u00e5 vilket s\u00e4tt? (Jag skulle g\u00e4rna vilja h\u00f6ra lite olika uppfattningar om detta, s\u00e5 kommentera g\u00e4rna) Slutligen handlar det \u00e4nd\u00e5 om vem det \u00e4r som best\u00e4mmer hur det offentliga rummet ska se ut, och vem detta ska vara till f\u00f6r, hur stor plats [&hellip;]<\/p>\n","protected":false},"author":16,"featured_media":0,"comment_status":"open","ping_status":"open","sticky":false,"template":"","format":"standard","meta":[],"categories":[67],"tags":[],"_links":{"self":[{"href":"https:\/\/kravallslojd.se\/wordpress\/index.php?rest_route=\/wp\/v2\/posts\/1084"}],"collection":[{"href":"https:\/\/kravallslojd.se\/wordpress\/index.php?rest_route=\/wp\/v2\/posts"}],"about":[{"href":"https:\/\/kravallslojd.se\/wordpress\/index.php?rest_route=\/wp\/v2\/types\/post"}],"author":[{"embeddable":true,"href":"https:\/\/kravallslojd.se\/wordpress\/index.php?rest_route=\/wp\/v2\/users\/16"}],"replies":[{"embeddable":true,"href":"https:\/\/kravallslojd.se\/wordpress\/index.php?rest_route=%2Fwp%2Fv2%2Fcomments&post=1084"}],"version-history":[{"count":1,"href":"https:\/\/kravallslojd.se\/wordpress\/index.php?rest_route=\/wp\/v2\/posts\/1084\/revisions"}],"predecessor-version":[{"id":1085,"href":"https:\/\/kravallslojd.se\/wordpress\/index.php?rest_route=\/wp\/v2\/posts\/1084\/revisions\/1085"}],"wp:attachment":[{"href":"https:\/\/kravallslojd.se\/wordpress\/index.php?rest_route=%2Fwp%2Fv2%2Fmedia&parent=1084"}],"wp:term":[{"taxonomy":"category","embeddable":true,"href":"https:\/\/kravallslojd.se\/wordpress\/index.php?rest_route=%2Fwp%2Fv2%2Fcategories&post=1084"},{"taxonomy":"post_tag","embeddable":true,"href":"https:\/\/kravallslojd.se\/wordpress\/index.php?rest_route=%2Fwp%2Fv2%2Ftags&post=1084"}],"curies":[{"name":"wp","href":"https:\/\/api.w.org\/{rel}","templated":true}]}}