{"id":10907,"date":"2013-08-16T07:53:36","date_gmt":"2013-08-16T06:53:36","guid":{"rendered":"http:\/\/kravallslojd.se\/wordpress\/?p=10907"},"modified":"2013-08-16T07:53:36","modified_gmt":"2013-08-16T06:53:36","slug":"den-dar-gangen-da-vi-nastan-slutade","status":"publish","type":"post","link":"https:\/\/kravallslojd.se\/wordpress\/?p=10907","title":{"rendered":"Den d\u00e4r g\u00e5ngen d\u00e5 vi n\u00e4stan slutade"},"content":{"rendered":"<p>Har ni h\u00f6rt den d\u00e4r om n\u00e4r vi lade ner Hj\u00e4rtekatten? Inte? N\u00e4, f\u00f6r det fick vi inte.<\/p>\n<p>Ett \u00e5r efter starten, med \u00f6ver 1000 insamlade Hj\u00e4rtekatter, flera leveranser till b\u00e5de G\u00f6teborg och Lund och tv\u00e5 slutk\u00f6rda grundare best\u00e4mde vi oss f\u00f6r att avsluta projektet. Susanne v\u00e4ntade sitt andra barn och jag hade drabbats av en tum\u00f6r i hypofysen. Med sorg i v\u00e5ra hj\u00e4rtan ins\u00e5g vi att vi inte l\u00e4ngre hade tid och ork att driva Hj\u00e4rtekatten vidare.<\/p>\n<p>Aldrig hade vi kunnat t\u00e4nka oss att v\u00e5rt lilla sk\u00f6tbarn skulle bli en s\u00e5 stor succ\u00e9! Hundratals virkerkor, garnbutiker och andra fina f\u00f6retag och m\u00e4nniskor gjorde det m\u00f6jligt och vi var otroligt tacksamma. Men nu var det dags att s\u00e4ga adj\u00f6. Trodde vi.<\/p>\n<p>Efter att ha utlyst avslutet p\u00e5 <a href=\"http:\/\/hjartekatten.blogspot.se\"  target=\"_blank\">bloggen<\/a> och <a href=\"https:\/\/www.facebook.com\/hjartekatten\"  target=\"_blank\">Facebook<\/a> uppstod n\u00e5gonting av ett uppror. Ingen ville sl\u00e4ppa taget om Hj\u00e4rtekatten. Det ville ju inte vi heller egentligen, s\u00e5 vi st\u00e4llde en \u00f6ppen fr\u00e5ga till alla v\u00e5ra f\u00f6ljare: Var det n\u00e5gon som skulle kunna t\u00e4nka sig att ta \u00f6ver, och dela p\u00e5 det administrativa arbetet?<\/p>\n<p>Det var det, och efter en omorganisation drar jag nu i tr\u00e5darna bakom kulisserna medan ett g\u00e4ng eldsj\u00e4lar kring Lund och G\u00f6teborg ser till att arbetet med Hj\u00e4rtekatten kan leva vidare. Jag vill fr\u00e5n botten av mitt hj\u00e4rta tacka dem, f\u00f6r utan dem hade Hj\u00e4rtekatten inte funnits idag.<\/p>\n<p>S\u00e5 kan det g\u00e5!<\/p>\n","protected":false},"excerpt":{"rendered":"<p>Har ni h\u00f6rt den d\u00e4r om n\u00e4r vi lade ner Hj\u00e4rtekatten? Inte? N\u00e4, f\u00f6r det fick vi inte. Ett \u00e5r efter starten, med \u00f6ver 1000 insamlade Hj\u00e4rtekatter, flera leveranser till b\u00e5de G\u00f6teborg och Lund och tv\u00e5 slutk\u00f6rda grundare best\u00e4mde vi oss f\u00f6r att avsluta projektet. Susanne v\u00e4ntade sitt andra barn och jag hade drabbats av [&hellip;]<\/p>\n","protected":false},"author":247,"featured_media":0,"comment_status":"open","ping_status":"open","sticky":false,"template":"","format":"standard","meta":[],"categories":[1292],"tags":[1297,1298,947],"_links":{"self":[{"href":"https:\/\/kravallslojd.se\/wordpress\/index.php?rest_route=\/wp\/v2\/posts\/10907"}],"collection":[{"href":"https:\/\/kravallslojd.se\/wordpress\/index.php?rest_route=\/wp\/v2\/posts"}],"about":[{"href":"https:\/\/kravallslojd.se\/wordpress\/index.php?rest_route=\/wp\/v2\/types\/post"}],"author":[{"embeddable":true,"href":"https:\/\/kravallslojd.se\/wordpress\/index.php?rest_route=\/wp\/v2\/users\/247"}],"replies":[{"embeddable":true,"href":"https:\/\/kravallslojd.se\/wordpress\/index.php?rest_route=%2Fwp%2Fv2%2Fcomments&post=10907"}],"version-history":[{"count":1,"href":"https:\/\/kravallslojd.se\/wordpress\/index.php?rest_route=\/wp\/v2\/posts\/10907\/revisions"}],"predecessor-version":[{"id":10908,"href":"https:\/\/kravallslojd.se\/wordpress\/index.php?rest_route=\/wp\/v2\/posts\/10907\/revisions\/10908"}],"wp:attachment":[{"href":"https:\/\/kravallslojd.se\/wordpress\/index.php?rest_route=%2Fwp%2Fv2%2Fmedia&parent=10907"}],"wp:term":[{"taxonomy":"category","embeddable":true,"href":"https:\/\/kravallslojd.se\/wordpress\/index.php?rest_route=%2Fwp%2Fv2%2Fcategories&post=10907"},{"taxonomy":"post_tag","embeddable":true,"href":"https:\/\/kravallslojd.se\/wordpress\/index.php?rest_route=%2Fwp%2Fv2%2Ftags&post=10907"}],"curies":[{"name":"wp","href":"https:\/\/api.w.org\/{rel}","templated":true}]}}