{"id":1121,"date":"2009-01-16T23:00:35","date_gmt":"2009-01-16T21:00:35","guid":{"rendered":"http:\/\/kravallslojd.se\/bloggs2\/?p=1121"},"modified":"2009-01-16T23:00:35","modified_gmt":"2009-01-16T21:00:35","slug":"grot-pa-spisen-renar-pa-vaggen","status":"publish","type":"post","link":"https:\/\/kravallslojd.se\/wordpress\/?p=1121","title":{"rendered":"Gr\u00f6t p\u00e5 spisen &#38; renar p\u00e5 v\u00e4ggen"},"content":{"rendered":"<p>Min mamma och min pojkv\u00e4n \u00e4r de s\u00f6taste m\u00e4nniskorna jag k\u00e4nner. De \u00e4r framf\u00f6rallt s\u00e5 s\u00f6ta tillsammans n\u00e4r de sitter  framf\u00f6r tradera och tittar p\u00e5 garn eller f\u00f6rs\u00f6ker tyda virkbeskrivningar. De \u00e4r b\u00e5da helt insn\u00f6ade p\u00e5 att virka m\u00f6ssor. <a href=\"http:\/\/kravallslojd.se\/bloggs2\/wp-content\/uploads\/2009\/01\/bloggbild6.jpg\" ><img decoding=\"async\" loading=\"lazy\" class=\"alignnone size-medium wp-image-1122\" src=\"http:\/\/kravallslojd.se\/bloggs2\/wp-content\/uploads\/2009\/01\/bloggbild6-300x224.jpg\" alt=\"\" width=\"300\" height=\"224\" \/><\/a> S\u00e5h\u00e4r ser deras m\u00f6ssor ut!<\/p>\n<p>Vi har varit lata och inte tagit bort julpyntet f\u00f6rs \u00e4n idag&#8230; D\u00e5 ville jag passa p\u00e5 att spika upp en ren jag tovat ihop f\u00f6r snart ett \u00e5r sedan. Medan jag h\u00f6ll p\u00e5 att fixa med spikar och grejer kom jag p\u00e5 att gr\u00f6ten jag kokade i k\u00f6ket, s\u00e4kert hade kokat upp vid det laget. S\u00e5 d\u00e5 skyndade jag mig att springa till k\u00f6ket i studentkorridoren. N\u00e4r jag d\u00e5 stod och r\u00f6rde i grytan h\u00f6rde jag hur det spikades och hammrades i rummet&#8230; N\u00e4r jag kom tillbaka var renen uppe!&#8230; Det var min pojkv\u00e4n som inte hade f\u00f6rst\u00e5tt genusperspektivet i f\u00f6rh\u00e5llandet! =\/<\/p>\n<p><a href=\"http:\/\/kravallslojd.se\/bloggs2\/wp-content\/uploads\/2009\/01\/bloggbild7.jpg\" ><img decoding=\"async\" loading=\"lazy\" class=\"alignnone size-medium wp-image-1123\" src=\"http:\/\/kravallslojd.se\/bloggs2\/wp-content\/uploads\/2009\/01\/bloggbild7-300x224.jpg\" alt=\"\" width=\"300\" height=\"224\" \/><\/a><\/p>\n","protected":false},"excerpt":{"rendered":"<p>Min mamma och min pojkv\u00e4n \u00e4r de s\u00f6taste m\u00e4nniskorna jag k\u00e4nner. De \u00e4r framf\u00f6rallt s\u00e5 s\u00f6ta tillsammans n\u00e4r de sitter framf\u00f6r tradera och tittar p\u00e5 garn eller f\u00f6rs\u00f6ker tyda virkbeskrivningar. De \u00e4r b\u00e5da helt insn\u00f6ade p\u00e5 att virka m\u00f6ssor. S\u00e5h\u00e4r ser deras m\u00f6ssor ut! Vi har varit lata och inte tagit bort julpyntet f\u00f6rs \u00e4n [&hellip;]<\/p>\n","protected":false},"author":1,"featured_media":0,"comment_status":"open","ping_status":"open","sticky":false,"template":"","format":"standard","meta":[],"categories":[16],"tags":[],"_links":{"self":[{"href":"https:\/\/kravallslojd.se\/wordpress\/index.php?rest_route=\/wp\/v2\/posts\/1121"}],"collection":[{"href":"https:\/\/kravallslojd.se\/wordpress\/index.php?rest_route=\/wp\/v2\/posts"}],"about":[{"href":"https:\/\/kravallslojd.se\/wordpress\/index.php?rest_route=\/wp\/v2\/types\/post"}],"author":[{"embeddable":true,"href":"https:\/\/kravallslojd.se\/wordpress\/index.php?rest_route=\/wp\/v2\/users\/1"}],"replies":[{"embeddable":true,"href":"https:\/\/kravallslojd.se\/wordpress\/index.php?rest_route=%2Fwp%2Fv2%2Fcomments&post=1121"}],"version-history":[{"count":2,"href":"https:\/\/kravallslojd.se\/wordpress\/index.php?rest_route=\/wp\/v2\/posts\/1121\/revisions"}],"predecessor-version":[{"id":1125,"href":"https:\/\/kravallslojd.se\/wordpress\/index.php?rest_route=\/wp\/v2\/posts\/1121\/revisions\/1125"}],"wp:attachment":[{"href":"https:\/\/kravallslojd.se\/wordpress\/index.php?rest_route=%2Fwp%2Fv2%2Fmedia&parent=1121"}],"wp:term":[{"taxonomy":"category","embeddable":true,"href":"https:\/\/kravallslojd.se\/wordpress\/index.php?rest_route=%2Fwp%2Fv2%2Fcategories&post=1121"},{"taxonomy":"post_tag","embeddable":true,"href":"https:\/\/kravallslojd.se\/wordpress\/index.php?rest_route=%2Fwp%2Fv2%2Ftags&post=1121"}],"curies":[{"name":"wp","href":"https:\/\/api.w.org\/{rel}","templated":true}]}}