{"id":11218,"date":"2013-10-22T06:48:02","date_gmt":"2013-10-22T05:48:02","guid":{"rendered":"http:\/\/kravallslojd.se\/wordpress\/?p=11218"},"modified":"2013-10-22T06:54:49","modified_gmt":"2013-10-22T05:54:49","slug":"hjalpstickan-hemstickat-for-hemlosa","status":"publish","type":"post","link":"https:\/\/kravallslojd.se\/wordpress\/?p=11218","title":{"rendered":"Hj\u00e4lpstickan &#8211; hemstickat f\u00f6r heml\u00f6sa"},"content":{"rendered":"<p><div id=\"attachment_11219\" style=\"width: 235px\" class=\"wp-caption alignleft\"><a href=\"http:\/\/kravallslojd.se\/wordpress\/wp-content\/uploads\/2013\/10\/20131016_142257-225x300.jpg\" ><img aria-describedby=\"caption-attachment-11219\" decoding=\"async\" loading=\"lazy\" class=\"size-full wp-image-11219 \" alt=\"20131016_142257-225x300\" src=\"http:\/\/kravallslojd.se\/wordpress\/wp-content\/uploads\/2013\/10\/20131016_142257-225x300.jpg\" width=\"225\" height=\"330\" \/><\/a><p id=\"caption-attachment-11219\" class=\"wp-caption-text\">Mitt Dalarna, oktober 2013, \u201dStickar f\u00f6r alla frusna\u201d<\/p><\/div><\/p>\n<p><div id=\"attachment_11220\" style=\"width: 212px\" class=\"wp-caption alignleft\"><a href=\"http:\/\/kravallslojd.se\/wordpress\/wp-content\/uploads\/2013\/10\/2013-10-05-08.48.39-1.jpg\" ><img aria-describedby=\"caption-attachment-11220\" decoding=\"async\" loading=\"lazy\" class=\"size-medium wp-image-11220 \" alt=\"2013-10-05 08.48.39-1\" src=\"http:\/\/kravallslojd.se\/wordpress\/wp-content\/uploads\/2013\/10\/2013-10-05-08.48.39-1-202x300.jpg\" width=\"202\" height=\"300\" \/><\/a><p id=\"caption-attachment-11220\" class=\"wp-caption-text\">Dalarnas Tidning oktober 2013 &#8221;stickar f\u00f6r beh\u00f6vande&#8221;<\/p><\/div><\/p>\n<p>&nbsp;<\/p>\n<p>&nbsp;<\/p>\n<p>&nbsp;<\/p>\n<p>&nbsp;<\/p>\n<p>&nbsp;<\/p>\n<p>&nbsp;<\/p>\n<p>&nbsp;<\/p>\n<p>&nbsp;<\/p>\n<p>&nbsp;<\/p>\n<p>&nbsp;<\/p>\n<p>&nbsp;<\/p>\n<p>&nbsp;<\/p>\n<p>&nbsp;<\/p>\n<p>Vintern 2007 efterlyste olika hj\u00e4lporganisationer i Stockholm v\u00e4rmande kl\u00e4der f\u00f6r de heml\u00f6sa. Alla som rensade garderoberna sk\u00e4nkte sommarkl\u00e4der.<\/p>\n<p>D\u00e5 v\u00e4cktes en tanke hos mig: hur kunde jag hj\u00e4lpa till och kanske f\u00e5 fler att hj\u00e4lpa? Tiden gick och ett \u00e5r senare kom det till mig; man kunde sticka f\u00f6r beh\u00f6vande och sk\u00e4nka det stickade till organisationerna. Stadsmissionen i Stockholm var snabbt med p\u00e5 noterna och Hj\u00e4lpstickan var ett faktum.<\/p>\n<p>Hj\u00e4lpstickan \u00e4r mitt initiativ f\u00f6r att hj\u00e4lpa beh\u00f6vande. Min tanke \u00e4r att man bidrar med sin tid, kreativitet och garn. Du f\u00e5r sticka vad du vill; vantar, m\u00f6ssor, halsdukar, sockor, halskragar\u2026<br \/>\nDu kan k\u00f6pa nytt garn eller anv\u00e4nda rester. Det viktiga \u00e4r att du stickar (eller virkar) med tanke p\u00e5 en beh\u00f6vande person.<\/p>\n<p>Hj\u00e4lpstickan finn sp\u00e5 14 st\u00e4llen runt om i Sverige. Vi hj\u00e4lper lokalt genom de organisationer som finns i den stad vi finns.<\/p>\n<p>Allt arbete \u00e4r helt igenom ideellt. Det finns inga pengar i detta utan bara garn, stickor och hj\u00e4rta.<\/p>\n<p><a href=\"https:\/\/www.facebook.com\/Hjalpstickan\"  target=\"_blank\">F\u00f6lj oss p\u00e5 Facebook<\/a><\/p>\n<p><a href=\"http:\/\/www.hjalpstickan.se\/\"  target=\"_blank\">Bes\u00f6k v\u00e5r hemsida<\/a><\/p>\n","protected":false},"excerpt":{"rendered":"<p>&nbsp; &nbsp; &nbsp; &nbsp; &nbsp; &nbsp; &nbsp; &nbsp; &nbsp; &nbsp; &nbsp; &nbsp; &nbsp; Vintern 2007 efterlyste olika hj\u00e4lporganisationer i Stockholm v\u00e4rmande kl\u00e4der f\u00f6r de heml\u00f6sa. Alla som rensade garderoberna sk\u00e4nkte sommarkl\u00e4der. D\u00e5 v\u00e4cktes en tanke hos mig: hur kunde jag hj\u00e4lpa till och kanske f\u00e5 fler att hj\u00e4lpa? Tiden gick och ett \u00e5r senare kom [&hellip;]<\/p>\n","protected":false},"author":252,"featured_media":0,"comment_status":"open","ping_status":"open","sticky":false,"template":"","format":"standard","meta":[],"categories":[1368],"tags":[179,740,1790,1369,732,1370],"_links":{"self":[{"href":"https:\/\/kravallslojd.se\/wordpress\/index.php?rest_route=\/wp\/v2\/posts\/11218"}],"collection":[{"href":"https:\/\/kravallslojd.se\/wordpress\/index.php?rest_route=\/wp\/v2\/posts"}],"about":[{"href":"https:\/\/kravallslojd.se\/wordpress\/index.php?rest_route=\/wp\/v2\/types\/post"}],"author":[{"embeddable":true,"href":"https:\/\/kravallslojd.se\/wordpress\/index.php?rest_route=\/wp\/v2\/users\/252"}],"replies":[{"embeddable":true,"href":"https:\/\/kravallslojd.se\/wordpress\/index.php?rest_route=%2Fwp%2Fv2%2Fcomments&post=11218"}],"version-history":[{"count":8,"href":"https:\/\/kravallslojd.se\/wordpress\/index.php?rest_route=\/wp\/v2\/posts\/11218\/revisions"}],"predecessor-version":[{"id":11228,"href":"https:\/\/kravallslojd.se\/wordpress\/index.php?rest_route=\/wp\/v2\/posts\/11218\/revisions\/11228"}],"wp:attachment":[{"href":"https:\/\/kravallslojd.se\/wordpress\/index.php?rest_route=%2Fwp%2Fv2%2Fmedia&parent=11218"}],"wp:term":[{"taxonomy":"category","embeddable":true,"href":"https:\/\/kravallslojd.se\/wordpress\/index.php?rest_route=%2Fwp%2Fv2%2Fcategories&post=11218"},{"taxonomy":"post_tag","embeddable":true,"href":"https:\/\/kravallslojd.se\/wordpress\/index.php?rest_route=%2Fwp%2Fv2%2Ftags&post=11218"}],"curies":[{"name":"wp","href":"https:\/\/api.w.org\/{rel}","templated":true}]}}