{"id":11229,"date":"2013-10-23T06:56:55","date_gmt":"2013-10-23T05:56:55","guid":{"rendered":"http:\/\/kravallslojd.se\/wordpress\/?p=11229"},"modified":"2013-10-22T07:08:47","modified_gmt":"2013-10-22T06:08:47","slug":"kreativt-med-restgarner","status":"publish","type":"post","link":"https:\/\/kravallslojd.se\/wordpress\/?p=11229","title":{"rendered":"Kreativt med restgarner"},"content":{"rendered":"<p><a href=\"http:\/\/kravallslojd.se\/wordpress\/wp-content\/uploads\/2013\/10\/tubsocka-225x300.jpg\" ><img decoding=\"async\" loading=\"lazy\" class=\"alignnone size-full wp-image-11230\" alt=\"tubsocka-225x300\" src=\"http:\/\/kravallslojd.se\/wordpress\/wp-content\/uploads\/2013\/10\/tubsocka-225x300.jpg\" width=\"225\" height=\"330\" \/><\/a><\/p>\n<p>&nbsp;<\/p>\n<p>Det har redan b\u00f6rjat v\u00e4lla in bidrag fr\u00e5n norr till s\u00f6der. Det kommer via post men ocks\u00e5 till alla v\u00e5ra <a href=\"http:\/\/www.hjalpstickan.se\/inlamningsstalle\/\"  target=\"_blank\">inl\u00e4mningsst\u00e4llen<\/a>.<\/p>\n<p>Sockarna ovan kom in f\u00f6rra s\u00e4songen. Jag tycker de \u00e4r helt fantastiska. Med sockarna l\u00e5g det en lapp &#8221;Nu \u00e4r mitt garn helt slut&#8221;. Sockarna \u00e4r stickade av stumpar och rester och f\u00e4rgprakten \u00e4r sl\u00e5ende. Nej sockarna \u00e4r inte identiska men s\u00e5 fina!<\/p>\n<p>Det \u00e4r sv\u00e5rt att sticka med rester. Det g\u00e4ller att f\u00e5 balans och att konstiga f\u00e4rger tillsammans ska blir ett fint resultat. Det \u00e4r m\u00e5nga g\u00e5nger som man repat f\u00f6r man tycker inte det att det duger. De h\u00e4r sockarna s\u00e4ger mig att man ska v\u00e5ga lite. Ta ut sv\u00e4ngarna. Det kan kanske inte bli s\u00e5 fel.<\/p>\n<p>Bidragen som kommer in till <a href=\"http:\/\/www.hjalpstickan.se\/\"  target=\"_blank\">Hj\u00e4lpstickan<\/a>\u00a0\u00e4r ofta fantasifullt sammansatta.<br \/>\nDet saknas inte kreativitet n\u00e4r det kommer till restgarner.<\/p>\n","protected":false},"excerpt":{"rendered":"<p>&nbsp; Det har redan b\u00f6rjat v\u00e4lla in bidrag fr\u00e5n norr till s\u00f6der. Det kommer via post men ocks\u00e5 till alla v\u00e5ra inl\u00e4mningsst\u00e4llen. Sockarna ovan kom in f\u00f6rra s\u00e4songen. Jag tycker de \u00e4r helt fantastiska. Med sockarna l\u00e5g det en lapp &#8221;Nu \u00e4r mitt garn helt slut&#8221;. Sockarna \u00e4r stickade av stumpar och rester och f\u00e4rgprakten [&hellip;]<\/p>\n","protected":false},"author":252,"featured_media":0,"comment_status":"open","ping_status":"open","sticky":false,"template":"","format":"standard","meta":[],"categories":[1368],"tags":[740,138],"_links":{"self":[{"href":"https:\/\/kravallslojd.se\/wordpress\/index.php?rest_route=\/wp\/v2\/posts\/11229"}],"collection":[{"href":"https:\/\/kravallslojd.se\/wordpress\/index.php?rest_route=\/wp\/v2\/posts"}],"about":[{"href":"https:\/\/kravallslojd.se\/wordpress\/index.php?rest_route=\/wp\/v2\/types\/post"}],"author":[{"embeddable":true,"href":"https:\/\/kravallslojd.se\/wordpress\/index.php?rest_route=\/wp\/v2\/users\/252"}],"replies":[{"embeddable":true,"href":"https:\/\/kravallslojd.se\/wordpress\/index.php?rest_route=%2Fwp%2Fv2%2Fcomments&post=11229"}],"version-history":[{"count":2,"href":"https:\/\/kravallslojd.se\/wordpress\/index.php?rest_route=\/wp\/v2\/posts\/11229\/revisions"}],"predecessor-version":[{"id":11232,"href":"https:\/\/kravallslojd.se\/wordpress\/index.php?rest_route=\/wp\/v2\/posts\/11229\/revisions\/11232"}],"wp:attachment":[{"href":"https:\/\/kravallslojd.se\/wordpress\/index.php?rest_route=%2Fwp%2Fv2%2Fmedia&parent=11229"}],"wp:term":[{"taxonomy":"category","embeddable":true,"href":"https:\/\/kravallslojd.se\/wordpress\/index.php?rest_route=%2Fwp%2Fv2%2Fcategories&post=11229"},{"taxonomy":"post_tag","embeddable":true,"href":"https:\/\/kravallslojd.se\/wordpress\/index.php?rest_route=%2Fwp%2Fv2%2Ftags&post=11229"}],"curies":[{"name":"wp","href":"https:\/\/api.w.org\/{rel}","templated":true}]}}