{"id":11829,"date":"2014-03-24T11:18:12","date_gmt":"2014-03-24T10:18:12","guid":{"rendered":"http:\/\/kravallslojd.se\/wordpress\/?p=11829"},"modified":"2014-03-24T11:18:12","modified_gmt":"2014-03-24T10:18:12","slug":"slojd-deluxe-presenterar-sig","status":"publish","type":"post","link":"https:\/\/kravallslojd.se\/wordpress\/?p=11829","title":{"rendered":"Sl\u00f6jd Deluxe presenterar sig"},"content":{"rendered":"<p dir=\"ltr\">Hej p\u00e5 er alla!<\/p>\n<p dir=\"ltr\">Vi fr\u00e5n Sl\u00f6jd Deluxe \u00e4r v\u00e4ldigt glada att ha f\u00e5tt chansen att vara med h\u00e4r och blogga, att f\u00e5 vara en del av denna h\u00e4rliga plattform f\u00f6r alternativ sl\u00f6jd. Vi ser mycket fram emot den h\u00e4r veckan, f\u00f6r idag startar n\u00e4mligen <a href=\"http:\/\/www.vaxjo.se\/earthweek\" title=\"Earth Week V\u00e4xj\u00f6\"  target=\"_blank\">Earth Week<\/a> h\u00e4r i V\u00e4xj\u00f6. \u00a0Det hela \u00e4r en vidareutveckling av Earth Hour som en del i V\u00e4xj\u00f6 Kommuns vision om \u201dEuropas gr\u00f6naste stad\u201d. Dels kommer vi att sj\u00e4lva delta p\u00e5 olika sett och dels \u00e4r Earth Week n\u00e5got som matchar v\u00e5rt h\u00e5llbarhetsengagemang. Just nu \u00e4r vi p\u00e5 stadsbiblioteket och f\u00f6rbereder en utst\u00e4llning!<\/p>\n<p dir=\"ltr\"><a href=\"http:\/\/kravallslojd.se\/wordpress\/wp-content\/uploads\/2014\/03\/bild.jpg\" ><img decoding=\"async\" loading=\"lazy\" class=\"alignnone  wp-image-11856\" alt=\"bild\" src=\"http:\/\/kravallslojd.se\/wordpress\/wp-content\/uploads\/2014\/03\/bild-300x255.jpg\" width=\"324\" height=\"275\" \/><\/a><\/p>\n<p dir=\"ltr\">Sl\u00f6jdbaren Sl\u00f6jd Deluxe f\u00f6ddes ur en kurs p\u00e5 <a href=\"http:\/\/lnu.se\/utbildning\/program\/dghut\" title=\"LNU\"  target=\"_blank\">designprogrammet f\u00f6r h\u00e5llbar utveckling <\/a>vid Linn\u00e9universitetet. Hemsl\u00f6jden i Kronoberg ville n\u00e5 unga vuxna och kommunicera sl\u00f6jdens v\u00e4rden till en ny publik. \u00a0Vi best\u00e4mde oss f\u00f6r att fr\u00e5ga m\u00e5lgruppen om deras syn p\u00e5 sl\u00f6jd. Bilden vi fick var att sl\u00f6jden i skolan \u00e4r v\u00e4ldigt styrd och handlar antingen om tr\u00e4 eller sysl\u00f6jd. Det blir l\u00e4tt uppdelat mellan k\u00f6nen och man har en best\u00e4md form man ska efterlikna. Ordet \u201dHemsl\u00f6jd\u201d v\u00e4ckte associationer till gamla tanter och syjunta, vilket inte lockar m\u00e5lgruppen. Det satsas mycket p\u00e5 barn, men Hemsl\u00f6jden har sedan sv\u00e5rt att h\u00e5lla kvar dem. Vi ville satsa p\u00e5 ett avslappnat och experimentellt sl\u00f6jdande p\u00e5 en plats d\u00e4r de unga vuxna redan finns. Vi kom fram till ett liknande koncept och best\u00e4mde oss att samarbeta f\u00f6r att f\u00e5 ut v\u00e5rt koncept till den lokala baren <a href=\"http:\/\/www.kafedeluxe.se\/\" title=\"Kaf\u00e9 de luxe\"  target=\"_blank\">Kaf\u00e9 de luxe<\/a>. De har en blandad och alternativ publik och har sj\u00e4lva sl\u00f6jd i sin inredning. Vi ser en ny trend i samh\u00e4llet, att komma tillbaka till det handgjorda och \u00e4kta. M\u00e5nga designers tar ocks\u00e5 till hantverket i sina arbeten och processer.<\/p>\n<p dir=\"ltr\">Sl\u00f6jd Deluxe vill koppla alla de unders\u00f6kande och h\u00e4ftiga saker som h\u00e4nder i sl\u00f6jdv\u00e4rlden till Hemsl\u00f6jden. Sl\u00f6jd kan vara ett s\u00e4tt att uttrycka sig p\u00e5, att kommunicera. Sl\u00f6jd Deluxe anordnar workshops tillsammans med Hemsl\u00f6jden i Kronoberg p\u00e5 den lokala baren\/kaf\u00e9t Kaf\u00e9 de luxe. Att samarbeta \u00e4r n\u00e5got vi v\u00e4xer utav. Vi vill skapa olika korta tr\u00e4ffar med fokus p\u00e5 h\u00e5llbarhet och kravl\u00f6st skapande. Det ska vara en avslappnad \u201cprova p\u00e5\u201d. Ta g\u00e4rna en \u00f6l eller en kaffe och sl\u00f6jda loss med oss. Det kan handla om att prova p\u00e5 att t\u00e4lja eller trycka julkort med skr\u00e4p.<\/p>\n<p>P\u00e5 \u00e5terseende gott folk, ha en riktigt fin dag!<\/p>\n<p>&nbsp;<\/p>\n<p dir=\"ltr\"><span style=\"color: #000000\"><strong>F\u00f6lj oss p\u00e5:<\/strong><\/span><\/p>\n<p dir=\"ltr\"><span style=\"color: #99cc00\"><a href=\"http:\/\/facebook.com\/slojddeluxe\" title=\"FB Sl\u00f6jd Deluxe\"  target=\"_blank\"><span style=\"color: #99cc00\"><strong>Facebook.com\/slojddeluxe<\/strong><\/span><\/a><\/span><\/p>\n<p dir=\"ltr\"><a href=\"http:\/\/cargocollective.com\/slojddeluxe\" title=\"Hemsida Sl\u00f6jd Deluxe\"  target=\"_blank\"><span style=\"color: #99cc00\"><strong>Cargocollective.com\/slojddeluxe<\/strong><\/span><\/a><\/p>\n<p dir=\"ltr\"><span style=\"color: #99cc00\"><strong>#slojddeluxe<\/strong><\/span><\/p>\n<p dir=\"ltr\"><strong><span style=\"color: #99cc00\">#earthweek<\/span><\/strong><\/p>\n<p dir=\"ltr\"><a href=\"http:\/\/kravallslojd.se\/wordpress\/wp-content\/uploads\/2014\/03\/1518293_10151814918094117_1987552697_o.jpg\" ><img decoding=\"async\" loading=\"lazy\" alt=\"1518293_10151814918094117_1987552697_o\" src=\"http:\/\/kravallslojd.se\/wordpress\/wp-content\/uploads\/2014\/03\/1518293_10151814918094117_1987552697_o-300x229.jpg\" width=\"338\" height=\"258\" \/><\/a><\/p>\n<p dir=\"ltr\">Malin Hultman 076-218 74 86<\/p>\n<p dir=\"ltr\">hej@malinhultman.com<\/p>\n<p dir=\"ltr\">Sofie E L\u00f6f 070-640 69 30<\/p>\n<p dir=\"ltr\">frulovdesign@gmail.com<\/p>\n<p dir=\"ltr\">\n","protected":false},"excerpt":{"rendered":"<p>Hej p\u00e5 er alla! Vi fr\u00e5n Sl\u00f6jd Deluxe \u00e4r v\u00e4ldigt glada att ha f\u00e5tt chansen att vara med h\u00e4r och blogga, att f\u00e5 vara en del av denna h\u00e4rliga plattform f\u00f6r alternativ sl\u00f6jd. Vi ser mycket fram emot den h\u00e4r veckan, f\u00f6r idag startar n\u00e4mligen Earth Week h\u00e4r i V\u00e4xj\u00f6. \u00a0Det hela \u00e4r en vidareutveckling [&hellip;]<\/p>\n","protected":false},"author":258,"featured_media":0,"comment_status":"open","ping_status":"open","sticky":false,"template":"","format":"standard","meta":[],"categories":[1432],"tags":[211,1434,1373,141],"_links":{"self":[{"href":"https:\/\/kravallslojd.se\/wordpress\/index.php?rest_route=\/wp\/v2\/posts\/11829"}],"collection":[{"href":"https:\/\/kravallslojd.se\/wordpress\/index.php?rest_route=\/wp\/v2\/posts"}],"about":[{"href":"https:\/\/kravallslojd.se\/wordpress\/index.php?rest_route=\/wp\/v2\/types\/post"}],"author":[{"embeddable":true,"href":"https:\/\/kravallslojd.se\/wordpress\/index.php?rest_route=\/wp\/v2\/users\/258"}],"replies":[{"embeddable":true,"href":"https:\/\/kravallslojd.se\/wordpress\/index.php?rest_route=%2Fwp%2Fv2%2Fcomments&post=11829"}],"version-history":[{"count":25,"href":"https:\/\/kravallslojd.se\/wordpress\/index.php?rest_route=\/wp\/v2\/posts\/11829\/revisions"}],"predecessor-version":[{"id":11862,"href":"https:\/\/kravallslojd.se\/wordpress\/index.php?rest_route=\/wp\/v2\/posts\/11829\/revisions\/11862"}],"wp:attachment":[{"href":"https:\/\/kravallslojd.se\/wordpress\/index.php?rest_route=%2Fwp%2Fv2%2Fmedia&parent=11829"}],"wp:term":[{"taxonomy":"category","embeddable":true,"href":"https:\/\/kravallslojd.se\/wordpress\/index.php?rest_route=%2Fwp%2Fv2%2Fcategories&post=11829"},{"taxonomy":"post_tag","embeddable":true,"href":"https:\/\/kravallslojd.se\/wordpress\/index.php?rest_route=%2Fwp%2Fv2%2Ftags&post=11829"}],"curies":[{"name":"wp","href":"https:\/\/api.w.org\/{rel}","templated":true}]}}