{"id":1204,"date":"2009-02-12T11:37:08","date_gmt":"2009-02-12T10:37:08","guid":{"rendered":"http:\/\/kravallslojd.se\/bloggs2\/?p=1204"},"modified":"2009-02-12T11:37:08","modified_gmt":"2009-02-12T10:37:08","slug":"delad-ide-blir-dubbel-ide","status":"publish","type":"post","link":"https:\/\/kravallslojd.se\/wordpress\/?p=1204","title":{"rendered":"Delad id\u00e9 blir dubbel id\u00e9!"},"content":{"rendered":"<p>Att dela med sig \u00e4r inte alltid s\u00e5 l\u00e4tt.<br \/>\n\u00c5 andra sidan: en luddigt beskriven id\u00e9 som missf\u00f6rst\u00e5s av mottagaren, som bollar den tillbaka blir s\u00e5 sm\u00e5ningom en HELT NY id\u00e9.<br \/>\nTill exempel s\u00e5h\u00e4r:<\/p>\n<p>Jag svamlade lite om en annan variant p\u00e5 en dubbel sjal. Min samtalspartner missf\u00f6rstod helt, och b\u00f6rjade tala om n\u00e5\u2019t som kunde bli problem vid v\u00e4vningen. N\u00e5gra dagar (och skisser) senare hade den nya id\u00e9n transformerats igen, och resulterat i en provv\u00e4v som ser ut s\u00e5h\u00e4r<\/p>\n<p><a href=\"http:\/\/kravallslojd.se\/bloggs2\/wp-content\/uploads\/2009\/02\/utlagt-prov1.jpg\" ><img decoding=\"async\" loading=\"lazy\" class=\"size-medium wp-image-1206 alignleft\" src=\"http:\/\/kravallslojd.se\/bloggs2\/wp-content\/uploads\/2009\/02\/utlagt-prov1-160x300.jpg\" alt=\"\" width=\"160\" height=\"300\" \/><\/a><br \/>\n<a href=\"http:\/\/kravallslojd.se\/bloggs2\/wp-content\/uploads\/2009\/02\/knutet-prov1.jpg\" ><img decoding=\"async\" loading=\"lazy\" class=\"size-medium wp-image-1208 aligncenter\" src=\"http:\/\/kravallslojd.se\/bloggs2\/wp-content\/uploads\/2009\/02\/knutet-prov1-160x300.jpg\" alt=\"\" width=\"160\" height=\"300\" \/><\/a><\/p>\n<p>Provv\u00e4ven \u00e4r lite f\u00f6r kort och lite f\u00f6r r\u00f6rig f\u00f6r att vara anv\u00e4ndbar i sig sj\u00e4lv \u2013 men den kanske kan vara grunden till en ny kollektion?<\/p>\n<p>F\u00f6r l\u00e4nge se\u2019n skrev jag s\u00e5h\u00e4r:<br \/>\n\u201dVi f\u00e5r id\u00e9er f\u00f6r att vi \u00e4r de vi \u00e4r: vad vi har sett i livet, vad vi har l\u00e4st, vad vi har h\u00f6rt\u2026 N\u00e5gon filosof har sagt att &#8221;vi ser inte v\u00e4rlden som <strong>den<\/strong> \u00e4r \u2013 vi ser den som <strong>vi<\/strong> \u00e4r&#8221;. Vi kan alla utg\u00e5 fr\u00e5n precis samma id\u00e9, men komma till radikalt olika resultat \u2013 \u00e4r det inte underbart? Och dessutom inneb\u00e4r det att det \u00e4r &#8221;ofarligt&#8221; att dela med sig av sina id\u00e9er \u2013 ingen annan kommer ju \u00e4nd\u00e5 att utf\u00f6ra dem p\u00e5 precis samma s\u00e4tt!<br \/>\nDet \u00e4r just den \u00f6vertygelsen som gav oss id\u00e9n att vi, h\u00e4r p\u00e5 v\u00e5r hemsida [<a href=\"riksvav.se\/kronobergsvav\" target=\"_blank\">riksvav.se\/kronobergsvav<\/a>] skulle kunna fritt bjuda p\u00e5 v\u00e4vid\u00e9er, bindningar, bilder p\u00e5 resultaten. Vi bjuder p\u00e5 id\u00e9er, men s\u00e4llan p\u00e5 kvalit\u00e9er. Hos oss hittar man inga kompletta recept. Id\u00e9n \u00e4r fri, men kvalit\u00e9n \u00e4r vad som avg\u00f6r resultatet \u2013 samma bindning kan bli till allt fr\u00e5n matta till brudkl\u00e4nning, beroende av materialval.<br \/>\n\u00c4r det inte underbart, allt man kan g\u00f6ra inom v\u00e4vningens omr\u00e5de?\u201d<\/p>\n<p>Jag gissar att det skulle kunna vara till\u00e4mpligt \u00e4ven inom andra discipliner. Eller?<\/p>\n","protected":false},"excerpt":{"rendered":"<p>Att dela med sig \u00e4r inte alltid s\u00e5 l\u00e4tt. \u00c5 andra sidan: en luddigt beskriven id\u00e9 som missf\u00f6rst\u00e5s av mottagaren, som bollar den tillbaka blir s\u00e5 sm\u00e5ningom en HELT NY id\u00e9. Till exempel s\u00e5h\u00e4r: Jag svamlade lite om en annan variant p\u00e5 en dubbel sjal. Min samtalspartner missf\u00f6rstod helt, och b\u00f6rjade tala om n\u00e5\u2019t som [&hellip;]<\/p>\n","protected":false},"author":17,"featured_media":0,"comment_status":"open","ping_status":"open","sticky":false,"template":"","format":"standard","meta":[],"categories":[48],"tags":[],"_links":{"self":[{"href":"https:\/\/kravallslojd.se\/wordpress\/index.php?rest_route=\/wp\/v2\/posts\/1204"}],"collection":[{"href":"https:\/\/kravallslojd.se\/wordpress\/index.php?rest_route=\/wp\/v2\/posts"}],"about":[{"href":"https:\/\/kravallslojd.se\/wordpress\/index.php?rest_route=\/wp\/v2\/types\/post"}],"author":[{"embeddable":true,"href":"https:\/\/kravallslojd.se\/wordpress\/index.php?rest_route=\/wp\/v2\/users\/17"}],"replies":[{"embeddable":true,"href":"https:\/\/kravallslojd.se\/wordpress\/index.php?rest_route=%2Fwp%2Fv2%2Fcomments&post=1204"}],"version-history":[{"count":1,"href":"https:\/\/kravallslojd.se\/wordpress\/index.php?rest_route=\/wp\/v2\/posts\/1204\/revisions"}],"predecessor-version":[{"id":1209,"href":"https:\/\/kravallslojd.se\/wordpress\/index.php?rest_route=\/wp\/v2\/posts\/1204\/revisions\/1209"}],"wp:attachment":[{"href":"https:\/\/kravallslojd.se\/wordpress\/index.php?rest_route=%2Fwp%2Fv2%2Fmedia&parent=1204"}],"wp:term":[{"taxonomy":"category","embeddable":true,"href":"https:\/\/kravallslojd.se\/wordpress\/index.php?rest_route=%2Fwp%2Fv2%2Fcategories&post=1204"},{"taxonomy":"post_tag","embeddable":true,"href":"https:\/\/kravallslojd.se\/wordpress\/index.php?rest_route=%2Fwp%2Fv2%2Ftags&post=1204"}],"curies":[{"name":"wp","href":"https:\/\/api.w.org\/{rel}","templated":true}]}}