{"id":12244,"date":"2014-04-17T20:59:14","date_gmt":"2014-04-17T19:59:14","guid":{"rendered":"http:\/\/kravallslojd.se\/wordpress\/?p=12244"},"modified":"2014-04-17T21:04:52","modified_gmt":"2014-04-17T20:04:52","slug":"design-utan-funktion-ar-dod","status":"publish","type":"post","link":"https:\/\/kravallslojd.se\/wordpress\/?p=12244","title":{"rendered":"Design utan funktion \u00e4r d\u00f6d"},"content":{"rendered":"<p>Om man skall kunna vara n\u00e5gon form av konstn\u00e4r och jobba med abstrakt form m\u00e5ste man kunna tekniken och grunderna inom sin konstform. En bildkonstn\u00e4r som bara kladdar har g\u00e5tt den l\u00e5nga v\u00e4gen och ritat kroki och l\u00e4rt sig perspektivl\u00e4ra. S\u00e5 \u00e4r det ocks\u00e5 om man skall kunna kalla sig smed. En smed m\u00e5ste kunna g\u00f6ra sin egen hammare och sina egna t\u00e4nger. Det tycker jag i alla fall. Sedan. d\u00e4rifr\u00e5n kan man laja iv\u00e4g. Det har jag f\u00f6rs\u00f6kt anamma och vill g\u00e4rna h\u00e5lla ig\u00e5ng med klassikt j\u00e4rnsmide ibland.<\/p>\n<p><a href=\"http:\/\/kravallslojd.se\/wordpress\/wp-content\/uploads\/2014\/04\/20130617_154908.jpg\" ><img decoding=\"async\" loading=\"lazy\" class=\"alignnone size-medium wp-image-12245\" alt=\"20130617_154908\" src=\"http:\/\/kravallslojd.se\/wordpress\/wp-content\/uploads\/2014\/04\/20130617_154908-300x255.jpg\" width=\"300\" height=\"255\" \/><\/a> <a href=\"http:\/\/kravallslojd.se\/wordpress\/wp-content\/uploads\/2014\/04\/20130618_172142.jpg\" ><img decoding=\"async\" loading=\"lazy\" class=\"alignnone size-medium wp-image-12246\" alt=\"20130618_172142\" src=\"http:\/\/kravallslojd.se\/wordpress\/wp-content\/uploads\/2014\/04\/20130618_172142-300x255.jpg\" width=\"300\" height=\"255\" \/><\/a> <a href=\"http:\/\/kravallslojd.se\/wordpress\/wp-content\/uploads\/2014\/04\/20130617_200414.jpg\" ><img decoding=\"async\" loading=\"lazy\" class=\"alignnone size-medium wp-image-12247\" alt=\"20130617_200414\" src=\"http:\/\/kravallslojd.se\/wordpress\/wp-content\/uploads\/2014\/04\/20130617_200414-202x300.jpg\" width=\"202\" height=\"300\" \/><\/a> <a href=\"http:\/\/kravallslojd.se\/wordpress\/wp-content\/uploads\/2014\/04\/20130813_153218.jpg\" ><img decoding=\"async\" loading=\"lazy\" class=\"alignnone size-medium wp-image-12248\" alt=\"20130813_153218\" src=\"http:\/\/kravallslojd.se\/wordpress\/wp-content\/uploads\/2014\/04\/20130813_153218-300x255.jpg\" width=\"300\" height=\"255\" \/><\/a><\/p>\n<p><a target=\"_blank\" href=\"https:\/\/www.youtube.com\/watch?v=va-tXuFge4c\" >Smide av spik, p\u00e5 Youtube (nytt f\u00f6nster)<\/a><\/p>\n<p>&nbsp;<\/p>\n<p>Det tycker jag g\u00e4ller \u00e4ven design. De flesta designm\u00f6bler \u00e4r v\u00e4ldigt obekv\u00e4ma. Men bygger man stolar i glas eller st\u00e5l eller betong m\u00e5ste de i alla fall G\u00c5 att sitta i. Det f\u00f6rs\u00f6ker jag ha med mig n\u00e4r jag g\u00f6r m\u00f6bler. Nedan: &#8221;Steelm\u00f6bel I&#8221;, &#8221;Karl Johansstol&#8221; och &#8221;Steelm\u00f6bel III&#8221;. Alla gjorda av begagnade skyltar fr\u00e5n Majorna. Lagligt f\u00f6rv\u00e4rvade. F\u00f6rv\u00e5nande bekv\u00e4ma.<\/p>\n<p><div id=\"attachment_12249\" style=\"width: 310px\" class=\"wp-caption alignnone\"><a href=\"http:\/\/kravallslojd.se\/wordpress\/wp-content\/uploads\/2014\/04\/20130910_113124.jpg\" ><img aria-describedby=\"caption-attachment-12249\" decoding=\"async\" loading=\"lazy\" class=\"size-medium wp-image-12249\" alt=\"Steelm\u00f6bel I och III; Karl-Johanstol\" src=\"http:\/\/kravallslojd.se\/wordpress\/wp-content\/uploads\/2014\/04\/20130910_113124-300x255.jpg\" width=\"300\" height=\"255\" \/><\/a><p id=\"caption-attachment-12249\" class=\"wp-caption-text\">Steelm\u00f6bel I och III; Karl-Johanstol<\/p><\/div><\/p>\n<p><div id=\"attachment_12250\" style=\"width: 310px\" class=\"wp-caption alignnone\"><a href=\"http:\/\/kravallslojd.se\/wordpress\/wp-content\/uploads\/2014\/04\/20130910_113115.jpg\" ><img aria-describedby=\"caption-attachment-12250\" decoding=\"async\" loading=\"lazy\" class=\"size-medium wp-image-12250\" alt=\"Steelm\u00f6bel I och III; Karl-Johanstol\" src=\"http:\/\/kravallslojd.se\/wordpress\/wp-content\/uploads\/2014\/04\/20130910_113115-300x255.jpg\" width=\"300\" height=\"255\" \/><\/a><p id=\"caption-attachment-12250\" class=\"wp-caption-text\">Steelm\u00f6bel I och III; Karl-Johanstol<\/p><\/div><\/p>\n","protected":false},"excerpt":{"rendered":"<p>Om man skall kunna vara n\u00e5gon form av konstn\u00e4r och jobba med abstrakt form m\u00e5ste man kunna tekniken och grunderna inom sin konstform. En bildkonstn\u00e4r som bara kladdar har g\u00e5tt den l\u00e5nga v\u00e4gen och ritat kroki och l\u00e4rt sig perspektivl\u00e4ra. S\u00e5 \u00e4r det ocks\u00e5 om man skall kunna kalla sig smed. En smed m\u00e5ste kunna [&hellip;]<\/p>\n","protected":false},"author":261,"featured_media":0,"comment_status":"open","ping_status":"open","sticky":false,"template":"","format":"standard","meta":[],"categories":[1489],"tags":[162,428,1494,1495],"_links":{"self":[{"href":"https:\/\/kravallslojd.se\/wordpress\/index.php?rest_route=\/wp\/v2\/posts\/12244"}],"collection":[{"href":"https:\/\/kravallslojd.se\/wordpress\/index.php?rest_route=\/wp\/v2\/posts"}],"about":[{"href":"https:\/\/kravallslojd.se\/wordpress\/index.php?rest_route=\/wp\/v2\/types\/post"}],"author":[{"embeddable":true,"href":"https:\/\/kravallslojd.se\/wordpress\/index.php?rest_route=\/wp\/v2\/users\/261"}],"replies":[{"embeddable":true,"href":"https:\/\/kravallslojd.se\/wordpress\/index.php?rest_route=%2Fwp%2Fv2%2Fcomments&post=12244"}],"version-history":[{"count":3,"href":"https:\/\/kravallslojd.se\/wordpress\/index.php?rest_route=\/wp\/v2\/posts\/12244\/revisions"}],"predecessor-version":[{"id":12252,"href":"https:\/\/kravallslojd.se\/wordpress\/index.php?rest_route=\/wp\/v2\/posts\/12244\/revisions\/12252"}],"wp:attachment":[{"href":"https:\/\/kravallslojd.se\/wordpress\/index.php?rest_route=%2Fwp%2Fv2%2Fmedia&parent=12244"}],"wp:term":[{"taxonomy":"category","embeddable":true,"href":"https:\/\/kravallslojd.se\/wordpress\/index.php?rest_route=%2Fwp%2Fv2%2Fcategories&post=12244"},{"taxonomy":"post_tag","embeddable":true,"href":"https:\/\/kravallslojd.se\/wordpress\/index.php?rest_route=%2Fwp%2Fv2%2Ftags&post=12244"}],"curies":[{"name":"wp","href":"https:\/\/api.w.org\/{rel}","templated":true}]}}