{"id":12557,"date":"2014-06-13T22:14:09","date_gmt":"2014-06-13T21:14:09","guid":{"rendered":"http:\/\/kravallslojd.se\/wordpress\/?p=12557"},"modified":"2014-06-13T22:14:09","modified_gmt":"2014-06-13T21:14:09","slug":"woops-veckan-slut","status":"publish","type":"post","link":"https:\/\/kravallslojd.se\/wordpress\/?p=12557","title":{"rendered":"woops veckan slut"},"content":{"rendered":"<p style=\"text-align: left\"><a href=\"http:\/\/kravallslojd.se\/wordpress\/wp-content\/uploads\/2014\/06\/broderiskola-2.jpg\" >\u00a0<\/a>\u00a0<\/p>\n<p style=\"text-align: left\">Oj vad t\u00edden har g\u00e5tt fort den h\u00e4r veckan. Ig\u00e5r kv\u00e4ll somnade jag ifr\u00e5n mitt inl\u00e4gg, var helt slut efter tv\u00e5 skolavslutningar. Det tar\u00a0energi att g\u00e5 omkring och vara urtrevlig och social. Dessutom blev jag s\u00e5 ber\u00f6rd av en ensam kille som stod helt f\u00f6r sig sj\u00e4lv under hela avslutningen. Andra stod i grupp och pratade, likas\u00e5 l\u00e4rarna var upptagna av att kommunicera med varandra. Jag stod d\u00e4r och det gjorde s\u00e5 ont i hj\u00e4rtat. Skolan slutar och sommaren v\u00e4ntar och jag t\u00e4nkte att den d\u00e4r pojken borde vara glad f\u00f6r att sommarlovet b\u00f6rjar&#8230;. men vilken start&#8230;.. att f\u00e5 st\u00e5 d\u00e4r sj\u00e4lv&#8230;.. n\u00e4r alla andra \u00e4r glada&#8230;Jag s\u00e5g allt detta p\u00e5 lite avst\u00e5nd, och sm\u00e4rtan jag k\u00e4nde f\u00f6r hans skull kn\u00e4ckte mig fullst\u00e4ndigt.<\/p>\n<p>Idag har jag b\u00f6rjat f\u00f6rbereda mig f\u00f6r sommarens broderiresa som skall ta mig till \u00c5land, Finland, och min makes sommarst\u00e4lle i sk\u00e4rg\u00e5rden utanf\u00f6r \u00c5bo. D\u00e4r skall jag bara vara med familjen och broderiet. D\u00e4r finns inte s\u00e5 mycket att g\u00f6ra. Det finns\u00a0fyra hus p\u00e5 \u00f6n och man g\u00e5r runt den p\u00e5 en timme. Havet och v\u00e5gorna skall g\u00f6ra mig s\u00e4llskap tillsammans med Hallandss\u00f6msbroderierna som jag skall g\u00f6ra klart f\u00f6r min utst\u00e4llning i Tokyo i november. Jag hade f\u00f6rm\u00e5nen att ha tv\u00e5 utst\u00e4llningar i Tokyo i maj f\u00f6rra \u00e5ret. I samband med dem hade jag ocks\u00e5 workshops i Hallandss\u00f6m. Det var en obeskrivlig upplevelse att folk kom fr\u00e5n hela Japan,\u00a0bara f\u00f6r att de hade sett p\u00e5 Facebook att jag skulle till Tokyo. Jag hade sett framf\u00f6r mig att jag skulle uppt\u00e4cka stan p\u00e5 egen hand. Men under de tv\u00e5 veckorna jag\u00a0var\u00a0d\u00e4r blev medbjuden p\u00e5 en massa trevliga evenemang, s\u00e5som bes\u00f6k p\u00e5 en privat broderiskola och\u00a0 resturanger som mina kursdeltagare bj\u00f6d med mig p\u00e5. Det var en m\u00e4rklig k\u00e4nsla att h\u00e4r \u00e4r jag -kusinen fr\u00e5n landet som broderar Hallands\u00f6m &#8211; och f\u00e5r detta varma mottagande i en av v\u00e4rldens metropoler. Det g\u00e5r inte att beskriva i ord.<\/p>\n<p>F\u00f6rra \u00e5rets utst\u00e4llningar var separatutst\u00e4llningar. I november \u00e4r vi ett helt g\u00e4ng konsthantverkare och sl\u00f6jdare fr\u00e5n Halland som st\u00e4ller ut p\u00e5 Svenska ambassaden i Tokyo. &#8221;Handmade with love &#8211; Halland to Tokyo&#8221; heter det roliga projektet. N\u00e5gra av oss kommer ocks\u00e5 att medverka i en utst\u00e4llning p\u00e5 Tokyo Department Store i Shibuya och h\u00e5lla kurser i samband med den. Jag har redan b\u00f6rjat med f\u00f6rberedelserna. I dag tog jag fram ett nytt m\u00f6nster till ett &#8221;Bookcover&#8221;.\u00a0Tokyoborna \u00e5ker ofta tunnelbana och vill inte visa sina medpassagerare vad de l\u00e4ser, utan\u00a0g\u00f6mmer boken i ett bokfodral.<\/p>\n<p>H\u00e4r kommer lite bilder\u00a0fr\u00e5n Tokyo. S\u00e4ger bara \u00e5k dit!!\u00a0 Du kommer liksom jag att f\u00f6r\u00e4lsa dig i det underbara Japan.<\/p>\n<p>&nbsp;<\/p>\n<p>Bes\u00f6k p\u00e5 broderi skolan<\/p>\n<p><a href=\"http:\/\/kravallslojd.se\/wordpress\/wp-content\/uploads\/2014\/06\/broderiskola-2.jpg\" ><img decoding=\"async\" loading=\"lazy\" class=\"alignnone size-medium wp-image-12569\" src=\"http:\/\/kravallslojd.se\/wordpress\/wp-content\/uploads\/2014\/06\/broderiskola-2-200x300.jpg\" alt=\"broderiskola 2\" width=\"200\" height=\"300\" \/><\/a>\u00a0\u00a0\u00a0\u00a0\u00a0\u00a0 <a href=\"http:\/\/kravallslojd.se\/wordpress\/wp-content\/uploads\/2014\/06\/broderiskola2.jpg\" ><img decoding=\"async\" loading=\"lazy\" class=\"alignnone size-medium wp-image-12570\" src=\"http:\/\/kravallslojd.se\/wordpress\/wp-content\/uploads\/2014\/06\/broderiskola2-200x300.jpg\" alt=\"broderiskola\" width=\"200\" height=\"300\" \/><\/a>\u00a0\u00a0\u00a0\u00a0\u00a0\u00a0\u00a0\u00a0<\/p>\n<p>Tempelbes\u00f6k och hantverksmarknad<\/p>\n<p><a href=\"http:\/\/kravallslojd.se\/wordpress\/wp-content\/uploads\/2014\/06\/tempel.jpg\" ><img decoding=\"async\" loading=\"lazy\" class=\"alignnone size-medium wp-image-12566\" src=\"http:\/\/kravallslojd.se\/wordpress\/wp-content\/uploads\/2014\/06\/tempel-270x300.jpg\" alt=\"tempel\" width=\"270\" height=\"300\" \/><\/a>\u00a0\u00a0\u00a0\u00a0\u00a0\u00a0 <a href=\"http:\/\/kravallslojd.se\/wordpress\/wp-content\/uploads\/2014\/06\/hantverksmarknad-i-Hibya1.jpg\" ><img decoding=\"async\" loading=\"lazy\" class=\"alignnone size-medium wp-image-12564\" src=\"http:\/\/kravallslojd.se\/wordpress\/wp-content\/uploads\/2014\/06\/hantverksmarknad-i-Hibya1-200x300.jpg\" alt=\"hantverksmarknad i Hibya\" width=\"200\" height=\"300\" \/><\/a><\/p>\n<p>&nbsp;<\/p>\n<p>&nbsp;<\/p>\n<p>&nbsp;<\/p>\n","protected":false},"excerpt":{"rendered":"<p>\u00a0\u00a0 Oj vad t\u00edden har g\u00e5tt fort den h\u00e4r veckan. Ig\u00e5r kv\u00e4ll somnade jag ifr\u00e5n mitt inl\u00e4gg, var helt slut efter tv\u00e5 skolavslutningar. Det tar\u00a0energi att g\u00e5 omkring och vara urtrevlig och social. Dessutom blev jag s\u00e5 ber\u00f6rd av en ensam kille som stod helt f\u00f6r sig sj\u00e4lv under hela avslutningen. Andra stod i grupp [&hellip;]<\/p>\n","protected":false},"author":266,"featured_media":0,"comment_status":"open","ping_status":"open","sticky":false,"template":"","format":"standard","meta":[],"categories":[1553],"tags":[1555,1557,1554,1556],"_links":{"self":[{"href":"https:\/\/kravallslojd.se\/wordpress\/index.php?rest_route=\/wp\/v2\/posts\/12557"}],"collection":[{"href":"https:\/\/kravallslojd.se\/wordpress\/index.php?rest_route=\/wp\/v2\/posts"}],"about":[{"href":"https:\/\/kravallslojd.se\/wordpress\/index.php?rest_route=\/wp\/v2\/types\/post"}],"author":[{"embeddable":true,"href":"https:\/\/kravallslojd.se\/wordpress\/index.php?rest_route=\/wp\/v2\/users\/266"}],"replies":[{"embeddable":true,"href":"https:\/\/kravallslojd.se\/wordpress\/index.php?rest_route=%2Fwp%2Fv2%2Fcomments&post=12557"}],"version-history":[{"count":5,"href":"https:\/\/kravallslojd.se\/wordpress\/index.php?rest_route=\/wp\/v2\/posts\/12557\/revisions"}],"predecessor-version":[{"id":12575,"href":"https:\/\/kravallslojd.se\/wordpress\/index.php?rest_route=\/wp\/v2\/posts\/12557\/revisions\/12575"}],"wp:attachment":[{"href":"https:\/\/kravallslojd.se\/wordpress\/index.php?rest_route=%2Fwp%2Fv2%2Fmedia&parent=12557"}],"wp:term":[{"taxonomy":"category","embeddable":true,"href":"https:\/\/kravallslojd.se\/wordpress\/index.php?rest_route=%2Fwp%2Fv2%2Fcategories&post=12557"},{"taxonomy":"post_tag","embeddable":true,"href":"https:\/\/kravallslojd.se\/wordpress\/index.php?rest_route=%2Fwp%2Fv2%2Ftags&post=12557"}],"curies":[{"name":"wp","href":"https:\/\/api.w.org\/{rel}","templated":true}]}}