{"id":12752,"date":"2014-06-29T16:38:44","date_gmt":"2014-06-29T15:38:44","guid":{"rendered":"http:\/\/kravallslojd.se\/wordpress\/?p=12752"},"modified":"2014-06-29T16:38:44","modified_gmt":"2014-06-29T15:38:44","slug":"hejda-kravallslojd-och-hej-semester","status":"publish","type":"post","link":"https:\/\/kravallslojd.se\/wordpress\/?p=12752","title":{"rendered":"Hejd\u00e5 kravallsl\u00f6jd och hej semester!"},"content":{"rendered":"<p>Snart \u00e4r det dags f\u00f6r mig att ta n\u00e5gra veckors efterl\u00e4ngtad semester. N\u00e4r jag b\u00f6rjar jobba igen i b\u00f6rjan av augusti kommer det vara full fart med de sista f\u00f6rberedelserna innan <a target=\"_blank\" href=\"http:\/\/formex.se\/\" title=\"formex\" >Formex<\/a>-m\u00e4ssan som drar ig\u00e5ng 13 augusti. D\u00e4rf\u00f6r f\u00f6rs\u00f6ker jag f\u00e5 s\u00e5 mycket som m\u00f6jligt gjort innan semestern, s\u00e5 att jag ska kunna koppla av.<\/p>\n<p>Mitt m\u00e5l \u00e4r att under de n\u00e4rmaste dagarna sammanst\u00e4lla en skalenlig modell av min monter. Jag har kommit ganska l\u00e5ngt redan s\u00e5 det ska nog g\u00e5 bra. Jag skulle s\u00e5klart g\u00e4rna visa er n\u00e5gra foton p\u00e5 hur det kommer se ut, men det g\u00e5r inte utan att ni f\u00e5r se mina produktnyheter &#8211; och de ska vara hemliga till m\u00e4ssan \u00f6ppnar. Det underl\u00e4ttar verkligen att bygga en liten modell, jag tycker jag f\u00e5r en mycket b\u00e4ttre k\u00e4nsla f\u00f6r hur man kan disponera ytan. I \u00e5r kommer jag ha en monteryta p\u00e5 nio kvadratmeter, tre g\u00e5nger tre meter. Det \u00e4r en ganska liten yta med tanke p\u00e5 alla produkter jag vill visa upp, s\u00e5 det kr\u00e4vs en hel del planering f\u00f6r att ytan ska kunna utnyttjas till max utan att det upplevs tr\u00e5ngt.<\/p>\n<p><a href=\"http:\/\/kravallslojd.se\/wordpress\/wp-content\/uploads\/2014\/06\/sortiment.jpg\" ><img decoding=\"async\" loading=\"lazy\" class=\"alignnone size-large wp-image-12759\" src=\"http:\/\/kravallslojd.se\/wordpress\/wp-content\/uploads\/2014\/06\/sortiment-560x418.jpg\" alt=\"sortiment\" width=\"560\" height=\"418\" \/><\/a><\/p>\n<p>Posters, mattor och kuddar i blandade f\u00e4rger och m\u00f6nster. Det \u00e4r m\u00e5nga produkter som ska samsas om nio kvadratmeter!<\/p>\n<p><a href=\"http:\/\/kravallslojd.se\/wordpress\/wp-content\/uploads\/2014\/06\/m2.jpg\" ><img decoding=\"async\" loading=\"lazy\" class=\"alignnone size-medium wp-image-12761\" src=\"http:\/\/kravallslojd.se\/wordpress\/wp-content\/uploads\/2014\/06\/m2-270x300.jpg\" alt=\"m2\" width=\"270\" height=\"300\" \/><\/a>\u00a0<a href=\"http:\/\/kravallslojd.se\/wordpress\/wp-content\/uploads\/2014\/06\/m3.jpg\" ><img decoding=\"async\" loading=\"lazy\" class=\"alignnone size-medium wp-image-12762\" src=\"http:\/\/kravallslojd.se\/wordpress\/wp-content\/uploads\/2014\/06\/m3-270x300.jpg\" alt=\"m3\" width=\"270\" height=\"300\" \/><\/a><\/p>\n<p>S\u00e5h\u00e4r s\u00e5g det ut f\u00f6r ett \u00e5r sedan &#8211; till v\u00e4nster syns min modell under arbetets g\u00e5ng, till h\u00f6ger den f\u00e4rdigst\u00e4llda montern.<\/p>\n<p>Detta \u00e4r tredje g\u00e5ngen jag st\u00e4ller ut p\u00e5 m\u00e4ssan, och det \u00e4r verkligen n\u00e5got jag ser fram emot! Det \u00e4r ett utm\u00e4rkt tillf\u00e4lle att visa upp sina produkter och tr\u00e4ffa ink\u00f6pare, stylister, press och inte minst andra formgivare att knyta kontakter med.<\/p>\n<p>Med tanke p\u00e5 alla m\u00e4nniskor man tr\u00e4ffar p\u00e5 m\u00e4ssan s\u00e5 g\u00e4ller det att ha en stor bunt visitkort med sig. Jag har just best\u00e4llt nya, och med tanke p\u00e5 att detta \u00e4r mitt sista blogginl\u00e4gg h\u00e4r p\u00e5 kravallsl\u00f6jd s\u00e5 passar det ju bra att jag avslutar med en bild p\u00e5 det, ifall ni vill komma i kontakt med mig.<\/p>\n<p><a href=\"http:\/\/kravallslojd.se\/wordpress\/wp-content\/uploads\/2014\/06\/m5.jpg\" ><img decoding=\"async\" loading=\"lazy\" class=\"alignnone size-large wp-image-12758\" src=\"http:\/\/kravallslojd.se\/wordpress\/wp-content\/uploads\/2014\/06\/m5-560x352.jpg\" alt=\"m5\" width=\"560\" height=\"352\" \/><\/a><\/p>\n<p>D\u00e5 s\u00e4ger jag tack f\u00f6r mig, hejd\u00e5!<\/p>\n","protected":false},"excerpt":{"rendered":"<p>Snart \u00e4r det dags f\u00f6r mig att ta n\u00e5gra veckors efterl\u00e4ngtad semester. N\u00e4r jag b\u00f6rjar jobba igen i b\u00f6rjan av augusti kommer det vara full fart med de sista f\u00f6rberedelserna innan Formex-m\u00e4ssan som drar ig\u00e5ng 13 augusti. D\u00e4rf\u00f6r f\u00f6rs\u00f6ker jag f\u00e5 s\u00e5 mycket som m\u00f6jligt gjort innan semestern, s\u00e5 att jag ska kunna koppla av. [&hellip;]<\/p>\n","protected":false},"author":268,"featured_media":12759,"comment_status":"open","ping_status":"open","sticky":false,"template":"","format":"standard","meta":[],"categories":[1588],"tags":[1607,1465,1608,859,1302,1365,1609],"_links":{"self":[{"href":"https:\/\/kravallslojd.se\/wordpress\/index.php?rest_route=\/wp\/v2\/posts\/12752"}],"collection":[{"href":"https:\/\/kravallslojd.se\/wordpress\/index.php?rest_route=\/wp\/v2\/posts"}],"about":[{"href":"https:\/\/kravallslojd.se\/wordpress\/index.php?rest_route=\/wp\/v2\/types\/post"}],"author":[{"embeddable":true,"href":"https:\/\/kravallslojd.se\/wordpress\/index.php?rest_route=\/wp\/v2\/users\/268"}],"replies":[{"embeddable":true,"href":"https:\/\/kravallslojd.se\/wordpress\/index.php?rest_route=%2Fwp%2Fv2%2Fcomments&post=12752"}],"version-history":[{"count":4,"href":"https:\/\/kravallslojd.se\/wordpress\/index.php?rest_route=\/wp\/v2\/posts\/12752\/revisions"}],"predecessor-version":[{"id":12764,"href":"https:\/\/kravallslojd.se\/wordpress\/index.php?rest_route=\/wp\/v2\/posts\/12752\/revisions\/12764"}],"wp:featuredmedia":[{"embeddable":true,"href":"https:\/\/kravallslojd.se\/wordpress\/index.php?rest_route=\/wp\/v2\/media\/12759"}],"wp:attachment":[{"href":"https:\/\/kravallslojd.se\/wordpress\/index.php?rest_route=%2Fwp%2Fv2%2Fmedia&parent=12752"}],"wp:term":[{"taxonomy":"category","embeddable":true,"href":"https:\/\/kravallslojd.se\/wordpress\/index.php?rest_route=%2Fwp%2Fv2%2Fcategories&post=12752"},{"taxonomy":"post_tag","embeddable":true,"href":"https:\/\/kravallslojd.se\/wordpress\/index.php?rest_route=%2Fwp%2Fv2%2Ftags&post=12752"}],"curies":[{"name":"wp","href":"https:\/\/api.w.org\/{rel}","templated":true}]}}