{"id":1280,"date":"2009-03-01T14:47:50","date_gmt":"2009-03-01T13:47:50","guid":{"rendered":"http:\/\/kravallslojd.se\/wordpress\/?p=1280"},"modified":"2009-03-02T21:43:52","modified_gmt":"2009-03-02T20:43:52","slug":"1280","status":"publish","type":"post","link":"https:\/\/kravallslojd.se\/wordpress\/?p=1280","title":{"rendered":"&#8230;&#8230;&#8230;&#8230;&#8230;&#8230;&#8230;&#8230;&#8230;&#8230;&#8230;&#8230;&#8230;&#8230;&#8230;&#8230;"},"content":{"rendered":"<p class=\"MsoNormal\" style=\"margin: 0cm 0cm 0pt;\"><span style=\"font-family: Arial;\"><span style=\"font-size: small;\">Jaha, t\u00e4nkte kolla in v\u00e5rsalongen p\u00e5 Liljevalch idag, men det blev en bakisdag ist\u00e4llet&#8230; Jag har dock dragit mig iv\u00e4g till ETC p\u00e5 Hornsgatan. De ska s\u00e4lja byxkl\u00e4nningen och jackan fr\u00e5n min v\u00e5rkollektion.<\/span><\/span><\/p>\n<p class=\"MsoNormal\" style=\"margin: 0cm 0cm 0pt;\"><span style=\"font-family: Arial;\"><span style=\"font-size: small;\"> <\/span><\/span><\/p>\n<p class=\"MsoNormal\" style=\"margin: 0cm 0cm 0pt;\"><span style=\"font-family: Arial;\"><span style=\"font-size: small;\">P\u00e5 m\u00e5ndag \u00e4r det textilm\u00e4ssa p\u00e5 Enskilda Galleriet i Stockholm. Jag kan rekommendera alla er som letar efter en tygleverant\u00f6r att g\u00e5 dit. Annars \u00e4r Nordic Fabric Fair i Bor\u00e5s ett tips. Det \u00e4r den 4-5 mars. D\u00e4r samlas de mest betydande leverant\u00f6rerna fr\u00e5n Europa och Asien. Jag ska till Enskilda Galleriet med min nyfunna v\u00e4n Anna, som ocks\u00e5 \u00e4r en liten h\u00e5rt arbetande designer. Hon har tv\u00e5 surf-snowboard-street-m\u00e4rken, som heter eivyclothing och weivyclothing. Det \u00e4r kul att tr\u00e4ffa n\u00e5gon som \u00e4r i samma situation, som man kan utbyta erfarenheter och bolla id\u00e9er med. Vi planerar lite sammarbete fram\u00f6ver och t\u00e4nkte ta en roadtrip runt i Sverige och kolla in passande \u00e5terf\u00f6rs\u00e4ljare.<\/span><\/span><\/p>\n<p class=\"MsoNormal\" style=\"margin: 0cm 0cm 0pt;\"><span style=\"font-family: Arial;\"><span style=\"font-size: small;\"> <\/span><\/span><\/p>\n<p class=\"MsoNormal\" style=\"margin: 0cm 0cm 0pt;\"><span style=\"font-family: Arial;\"><span style=\"font-size: small;\">P\u00e5 tisdag ska jag h\u00e4lsa p\u00e5 min v\u00e4n Karolina, Vi pluggade textil tillsammans i Sk\u00e5ne f\u00f6r n\u00e5gra \u00e5r sedan. Hon har en butik i Link\u00f6ping, d\u00e4r jag ska s\u00e4lja mina kl\u00e4der. Hennes driv inspirerar mig och det ska bli s\u00e5 kul att tr\u00e4ffas och se hennes nya butik. L\u00e4s mer om hennes f\u00f6retag p\u00e5 <\/span><a target=\"_blank\" href=\"http:\/\/www.orkanlia.se\/\" ><span style=\"font-size: small;\">www.orkanlia.se<\/span><\/a><span style=\"font-size: small;\">.<\/span><\/span><\/p>\n<p class=\"MsoNormal\" style=\"margin: 0cm 0cm 0pt;\"><span style=\"font-family: Arial;\"><span style=\"font-size: small;\"> <\/span><\/span><\/p>\n<p class=\"MsoNormal\" style=\"margin: 0cm 0cm 0pt;\"><span style=\"font-family: Arial;\"><span style=\"font-size: small;\">Nu har jag en skypedejt med min k\u00e4ra v\u00e4n Lydia, som bor i New York och som jag tr\u00e4ffar alldeles f\u00f6r s\u00e4llan. Hon har gjort min hemsida och ska nu uppdatera den lite.<\/span><\/span><\/p>\n<p class=\"MsoNormal\" style=\"margin: 0cm 0cm 0pt;\"><span style=\"font-family: Arial;\"><span style=\"font-size: small;\"> <\/span><\/span><\/p>\n<p class=\"MsoNormal\" style=\"margin: 0cm 0cm 0pt;\"><span style=\"font-family: Arial;\"><span style=\"font-size: small;\">Ikv\u00e4ll kommer min mamma och syster p\u00e5 pannkakskalas! <\/span><\/span><\/p>\n<p class=\"MsoNormal\" style=\"margin: 0cm 0cm 0pt;\"><span style=\"font-family: Arial;\"><span style=\"font-size: small;\"> <\/span><\/span><\/p>\n<p class=\"MsoNormal\" style=\"margin: 0cm 0cm 0pt;\"><span style=\"font-family: Arial;\"><span style=\"font-size: small;\">Tack f\u00f6r denna vecka! Forts\u00e4ttning f\u00f6ljer p\u00e5 min hemsida och bloggen&#8230;<\/span><\/span><\/p>\n<p class=\"MsoNormal\" style=\"margin: 0cm 0cm 0pt;\"><span style=\"font-family: Arial;\"><span style=\"font-size: small;\"> <\/span><\/span><\/p>\n<p class=\"MsoNormal\" style=\"margin: 0cm 0cm 0pt;\"><span style=\"font-family: Arial;\"><span style=\"font-size: small;\">Kamilla<\/span><\/span><\/p>\n<p class=\"MsoNormal\" style=\"margin: 0cm 0cm 0pt;\"><span style=\"font-family: Arial;\"><a target=\"_blank\" href=\"http:\/\/www.sprudla.se\/\" ><span style=\"font-size: small; color: #800080;\">www.sprudla.se<\/span><\/a><\/span><\/p>\n","protected":false},"excerpt":{"rendered":"<p>Jaha, t\u00e4nkte kolla in v\u00e5rsalongen p\u00e5 Liljevalch idag, men det blev en bakisdag ist\u00e4llet&#8230; Jag har dock dragit mig iv\u00e4g till ETC p\u00e5 Hornsgatan. De ska s\u00e4lja byxkl\u00e4nningen och jackan fr\u00e5n min v\u00e5rkollektion. P\u00e5 m\u00e5ndag \u00e4r det textilm\u00e4ssa p\u00e5 Enskilda Galleriet i Stockholm. Jag kan rekommendera alla er som letar efter en tygleverant\u00f6r att g\u00e5 [&hellip;]<\/p>\n","protected":false},"author":68,"featured_media":0,"comment_status":"open","ping_status":"open","sticky":false,"template":"","format":"standard","meta":[],"categories":[109],"tags":[],"_links":{"self":[{"href":"https:\/\/kravallslojd.se\/wordpress\/index.php?rest_route=\/wp\/v2\/posts\/1280"}],"collection":[{"href":"https:\/\/kravallslojd.se\/wordpress\/index.php?rest_route=\/wp\/v2\/posts"}],"about":[{"href":"https:\/\/kravallslojd.se\/wordpress\/index.php?rest_route=\/wp\/v2\/types\/post"}],"author":[{"embeddable":true,"href":"https:\/\/kravallslojd.se\/wordpress\/index.php?rest_route=\/wp\/v2\/users\/68"}],"replies":[{"embeddable":true,"href":"https:\/\/kravallslojd.se\/wordpress\/index.php?rest_route=%2Fwp%2Fv2%2Fcomments&post=1280"}],"version-history":[{"count":5,"href":"https:\/\/kravallslojd.se\/wordpress\/index.php?rest_route=\/wp\/v2\/posts\/1280\/revisions"}],"predecessor-version":[{"id":1283,"href":"https:\/\/kravallslojd.se\/wordpress\/index.php?rest_route=\/wp\/v2\/posts\/1280\/revisions\/1283"}],"wp:attachment":[{"href":"https:\/\/kravallslojd.se\/wordpress\/index.php?rest_route=%2Fwp%2Fv2%2Fmedia&parent=1280"}],"wp:term":[{"taxonomy":"category","embeddable":true,"href":"https:\/\/kravallslojd.se\/wordpress\/index.php?rest_route=%2Fwp%2Fv2%2Fcategories&post=1280"},{"taxonomy":"post_tag","embeddable":true,"href":"https:\/\/kravallslojd.se\/wordpress\/index.php?rest_route=%2Fwp%2Fv2%2Ftags&post=1280"}],"curies":[{"name":"wp","href":"https:\/\/api.w.org\/{rel}","templated":true}]}}