{"id":13103,"date":"2014-08-11T14:13:37","date_gmt":"2014-08-11T12:13:37","guid":{"rendered":"http:\/\/kravallslojd.se\/wordpress\/?p=13103"},"modified":"2014-08-11T14:13:37","modified_gmt":"2014-08-11T12:13:37","slug":"konservatorn-och-hantverket","status":"publish","type":"post","link":"https:\/\/kravallslojd.se\/wordpress\/?p=13103","title":{"rendered":"Konservatorn och hantverket"},"content":{"rendered":"<p>Hej p\u00e5 er!<\/p>\n<p>Det h\u00e4r med bloggande \u00e4r inte riktigt min starka sida, men jag ska g\u00f6ra mitt b\u00e4sta f\u00f6r att s\u00e4ga n\u00e5got intressant. Jag t\u00e4nkte b\u00f6rja med att ber\u00e4tta lite om mig sj\u00e4lv och om hur och varf\u00f6r jag sl\u00f6jdar.<\/p>\n<p>Jag \u00e4r v\u00e4ldigt m\u00e5nga saker. Utbildad konservator, stickare, spinnare, f\u00e4rgare, reenactare etc. Och jag jobbar i en garnbutik. Jag b\u00f6rjade min bana, s\u00e5som m\u00e5nga andra, med lajv. Inte f\u00f6r att jag kom iv\u00e4g p\u00e5 s\u00e5 m\u00e5nga, men intresset f\u00f6r att g\u00f6ra historiska kl\u00e4der kvarstod och utvecklades och jag ville g\u00f6ra allt mer och mer historiskt korrekt. Jag b\u00f6rjade intressera mig f\u00f6r v\u00e4vning och f\u00e4rgning, och sedan f\u00f6r sp\u00e5nad. Jag \u00e4lskar att studera saker i minuti\u00f6s detalj. Jag vill veta exakt hur de \u00e4r gjorda. Tanken p\u00e5 att g\u00f6ra n\u00e5got helt fr\u00e5n b\u00f6rjan g\u00f6r mig lyrisk.<\/p>\n<p>N\u00e4r jag slutade gymnasiet fick jag f\u00f6r mig att jag skulle bli astronom. S\u00e5 blev det inte och jag bytte bana efter tre \u00e5r (n\u00e5got jag \u00e4r v\u00e4ldigt glad \u00f6ver nu). Det blev textillinjen p\u00e5 Blekinge L\u00e4ns Folkh\u00f6gskola i ett \u00e5r och d\u00e4r b\u00f6rjade jag fundera \u00f6ver hur jag ville g\u00e5 vidare. Min l\u00e4rare sade till mig en dag: &#8221;Men \u00c5sa, varf\u00f6r blir du inte konservator?&#8221;. Min f\u00f6rsta reaktion var, &#8221;uh, vad \u00e4r det?&#8221;, men efter att ha kollat upp lite grann blev jag mer och mer s\u00e4ker p\u00e5 att det var perfekt f\u00f6r mig. Jobba med gamla grejer, arbeta med h\u00e4nderna, arbeta med huvudet &#8211; helt enkelt ett utm\u00e4rkt s\u00e4tt att kombinera mina olika intressen. Jag s\u00f6kte till skolan med det l\u00e5nga fina namnet <i>Det Kongelige Danske Kunstakademiets skoler for Design, Arkitektur og Konservering<\/i>, kom in, och nu \u00e4r jag en f\u00e4rdigutbildad f\u00f6rem\u00e5lskonservator.<\/p>\n<p>S\u00e5, vad g\u00f6r man sen d\u00e5? Konservatorsjobb v\u00e4xer inte direkt p\u00e5 tr\u00e4d. Lyckligtvis har jag v\u00e4rldens b\u00e4sta extrajobb i en garnbutik, s\u00e5 det g\u00e5r ingen n\u00f6d p\u00e5 mig och ibland undrar jag \u00f6ver varf\u00f6r jag ska s\u00f6ka mig vidare, jag har det ju bra? Men de gamla kl\u00e4derna som ligger d\u00e4rute och bryts ned i illa h\u00e5llna samlingar ropar till mig: &#8221;Vi vill tas om hand, vi vill lagas!&#8221;, men ocks\u00e5 &#8221;Vi vill synas, vi \u00e4r en skatt av gamla hantverkskunskaper som borde tillg\u00e4ngligg\u00f6ras!&#8221;<\/p>\n<p>F\u00f6r det \u00e4r s\u00e5 jag ser gamla f\u00f6rem\u00e5l. Som en v\u00e4g att l\u00e4ra sig f\u00f6rst\u00e5 gamla hantverkstekniker, och genom att ut\u00f6va de gamla teknikerna kommer man n\u00e4rmare de m\u00e4nniskor som tillverkat f\u00f6rem\u00e5len. Och n\u00e4r man har f\u00f6rm\u00e5nen att studera till exempel ett gammalt plagg under en l\u00e4ngre tid, s\u00e5 utvecklar man ett personligt f\u00f6rh\u00e5llande till f\u00f6rem\u00e5let, och i f\u00f6rl\u00e4ngningen \u00e4ven till dess forna tillverkare och \u00e4gare. Men f\u00f6r att f\u00f6rst\u00e5 hur ett f\u00f6rem\u00e5l \u00e4r konstruerat m\u00e5ste man \u00e4nd\u00e5 ha en grundl\u00e4ggande f\u00f6rst\u00e5else f\u00f6r teknikerna som ligger bakom. S\u00e5 jag har gjort det till mitt personliga m\u00e5l att l\u00e4ra mig s\u00e5 m\u00e5nga textilhantverk som m\u00f6jligt (jag fokuserar p\u00e5 textil, f\u00f6r jag \u00e4r helt handikappad n\u00e4r det kommer till h\u00e5rt hantverk). Mitt n\u00e4sta m\u00e5l \u00e4r att l\u00e4ra mig att spr\u00e5nga. Jag m\u00e5ste bara g\u00f6ra mig en spr\u00e5ngram. Och s\u00e5 var det det d\u00e4r med h\u00e5rt hantverk&#8230;<\/p>\n<p>P\u00e5 tal om att utveckla en relation med ett gammalt f\u00f6rem\u00e5l s\u00e5 m\u00e5ste jag erk\u00e4nna att jag saknar mitt examensarbete. Inte skrivandet i sig, men kl\u00e4nningen jag jobbade med. Den var f\u00f6rmodligen ursprungligen sydd runt 1770 &#8211; tyget ser ut att vara fr\u00e5n den tiden i varje fall &#8211; blivit omsydd minst tv\u00e5 g\u00e5nger och f\u00e5tt sin nuvarande form n\u00e5gon g\u00e5ng p\u00e5 1790-talet. Det var nog en r\u00e4tt fantastisk kl\u00e4nning fr\u00e5n b\u00f6rjan, i papperstunn sidenbrokad. Tyv\u00e4rr vet vi ingenting om \u00e4garinnan &#8211; kl\u00e4nningen har sk\u00e4nkts till skolan vid n\u00e5gon tidspunkt utan att n\u00e5gra noteringar gjorts och sedan legat p\u00e5 skolans vind nerkn\u00f6lad i en plastp\u00e5se. Vid det h\u00e4r uttalandet b\u00f6r de flesta rysa av obehag.<\/p>\n<p>I varje fall kan jag fortfarande, \u00f6ver ett \u00e5r senare, komma p\u00e5 mig att sitta och fundera p\u00e5 hur den h\u00e4r kl\u00e4nningen sett ut en g\u00e5ng i tiden och hur snygg den f\u00f6rsta \u00e4garinnan m\u00e5ste ha k\u00e4nt sig f\u00f6rsta g\u00e5ngen hon anv\u00e4nde sin alldeles nysydda kl\u00e4nning.<\/p>\n<p><div id=\"attachment_13105\" style=\"width: 226px\" class=\"wp-caption aligncenter\"><a href=\"http:\/\/kravallslojd.se\/wordpress\/wp-content\/uploads\/2014\/08\/hela-kl\u00e4nningen.jpg\" ><img aria-describedby=\"caption-attachment-13105\" decoding=\"async\" loading=\"lazy\" class=\"size-medium wp-image-13105\" src=\"http:\/\/kravallslojd.se\/wordpress\/wp-content\/uploads\/2014\/08\/hela-kl\u00e4nningen-216x300.jpg\" alt=\"Ser inte s\u00e5 mycket ut f\u00f6r v\u00e4rlden l\u00e4ngre, eller hur?\" width=\"216\" height=\"300\" \/><\/a><p id=\"caption-attachment-13105\" class=\"wp-caption-text\">Ser inte s\u00e5 mycket ut f\u00f6r v\u00e4rlden l\u00e4ngre, eller hur?<\/p><\/div><\/p>\n","protected":false},"excerpt":{"rendered":"<p>Hej p\u00e5 er! Det h\u00e4r med bloggande \u00e4r inte riktigt min starka sida, men jag ska g\u00f6ra mitt b\u00e4sta f\u00f6r att s\u00e4ga n\u00e5got intressant. Jag t\u00e4nkte b\u00f6rja med att ber\u00e4tta lite om mig sj\u00e4lv och om hur och varf\u00f6r jag sl\u00f6jdar. Jag \u00e4r v\u00e4ldigt m\u00e5nga saker. Utbildad konservator, stickare, spinnare, f\u00e4rgare, reenactare etc. Och jag [&hellip;]<\/p>\n","protected":false},"author":273,"featured_media":0,"comment_status":"open","ping_status":"open","sticky":false,"template":"","format":"standard","meta":[],"categories":[1644],"tags":[179,162,428,347],"_links":{"self":[{"href":"https:\/\/kravallslojd.se\/wordpress\/index.php?rest_route=\/wp\/v2\/posts\/13103"}],"collection":[{"href":"https:\/\/kravallslojd.se\/wordpress\/index.php?rest_route=\/wp\/v2\/posts"}],"about":[{"href":"https:\/\/kravallslojd.se\/wordpress\/index.php?rest_route=\/wp\/v2\/types\/post"}],"author":[{"embeddable":true,"href":"https:\/\/kravallslojd.se\/wordpress\/index.php?rest_route=\/wp\/v2\/users\/273"}],"replies":[{"embeddable":true,"href":"https:\/\/kravallslojd.se\/wordpress\/index.php?rest_route=%2Fwp%2Fv2%2Fcomments&post=13103"}],"version-history":[{"count":4,"href":"https:\/\/kravallslojd.se\/wordpress\/index.php?rest_route=\/wp\/v2\/posts\/13103\/revisions"}],"predecessor-version":[{"id":13108,"href":"https:\/\/kravallslojd.se\/wordpress\/index.php?rest_route=\/wp\/v2\/posts\/13103\/revisions\/13108"}],"wp:attachment":[{"href":"https:\/\/kravallslojd.se\/wordpress\/index.php?rest_route=%2Fwp%2Fv2%2Fmedia&parent=13103"}],"wp:term":[{"taxonomy":"category","embeddable":true,"href":"https:\/\/kravallslojd.se\/wordpress\/index.php?rest_route=%2Fwp%2Fv2%2Fcategories&post=13103"},{"taxonomy":"post_tag","embeddable":true,"href":"https:\/\/kravallslojd.se\/wordpress\/index.php?rest_route=%2Fwp%2Fv2%2Ftags&post=13103"}],"curies":[{"name":"wp","href":"https:\/\/api.w.org\/{rel}","templated":true}]}}