{"id":13247,"date":"2014-08-28T13:06:20","date_gmt":"2014-08-28T11:06:20","guid":{"rendered":"http:\/\/kravallslojd.se\/wordpress\/?p=13247"},"modified":"2014-08-28T13:06:20","modified_gmt":"2014-08-28T11:06:20","slug":"feminister-behover-inte-knivar-for-att-vara-starka","status":"publish","type":"post","link":"https:\/\/kravallslojd.se\/wordpress\/?p=13247","title":{"rendered":"Feminister beh\u00f6ver inte knivar f\u00f6r att vara starka"},"content":{"rendered":"<p>Den nionde mars, dagen efter internationella kvinnodagen, i \u00e5r skrev jag s\u00e5h\u00e4r i min dagbok:<\/p>\n<blockquote><p><em>Peppen, engagemanget och gemenskapen har svept mig med, som en virvelvind. Som det alltid g\u00f6r. Det v\u00e4rmer i mig n\u00e4r andra m\u00e4nniskor kan v\u00e4cka en s\u00e5dan respekt och \u00f6dmjukhet inf\u00f6r den feministiska kampen och dess olika delar. Och mitt hj\u00e4rta dunkar s\u00e5 h\u00e5rt n\u00e4r jag dansar i den feministiska gemenskapen och ropar att vi tar natten tillbaka p\u00e5 de gator d\u00e4r det ibland skaver i mig att vistas.<\/em><\/p>\n<p><em><span style=\"font-size: small\">Chocken av att vakna upp till beskedet att flera personer knivskars allvarligt p\u00e5v\u00e4g fr\u00e5n nattens demonstration var lamsl\u00e5ende. Det f\u00f6dde en stark ilska \u00f6ver att hotet om v\u00e5ld alltid m\u00e5ste finnas d\u00e4r, som en del av kampen. Och n\u00e4r den f\u00f6rsta ilskan och chocken lagt sig kom den. Den stora, massiva sorgen. Den som sk\u00f6ljer \u00f6ver allt annat som en v\u00e5g. Den som f\u00f6rst\u00e4rks av helgens alla andra k\u00e4nslor och blir om\u00f6jlig att v\u00e4rja sig mot. <\/span><\/em><\/p>\n<p><em><span style=\"font-size: small\">(\u2026)<\/span><\/em><\/p>\n<p><em><span style=\"font-size: small\">Jag hoppas att jag kan v\u00e4nda alla dessa k\u00e4nslor till n\u00e5got positivt. Till en massiv, konstruktiv och kanske till och med blommande del i min, v\u00e5r, kamp. Till k\u00e4rlek. <\/span><\/em><\/p><\/blockquote>\n<p><em>\u00a0<\/em><\/p>\n<p><span style=\"font-size: small\">F\u00f6r mig var det precis vad vi gjorde n\u00e4r vi ett par dagar senare \u00e4gnade veckans handarbetestr\u00e4ff \u00e5t att g\u00f6ra en banderoll med texten \u201dFeminister beh\u00f6ver inte knivar f\u00f6r att vara starka. K\u00e4rlek, vilja, solidaritet\u201d. Vi hade bara n\u00e5gra timmar p\u00e5 oss och alla hj\u00e4lptes \u00e5t att klippa ut bokst\u00e4ver och symboler, f\u00f6r att sedan limma fast dem med Karlssons klister. Vi kn\u00f6t upp banderollen p\u00e5 ett staket utanf\u00f6r Folkets Park i Malm\u00f6, n\u00e4ra platsen d\u00e4r misshandeln, mordf\u00f6rs\u00f6ken, skedde.<\/span><\/p>\n<p>&nbsp;<\/p>\n<p><a href=\"http:\/\/kravallslojd.se\/wordpress\/wp-content\/uploads\/2014\/08\/1898037_276777342482464_706020046_n.jpg\" ><img decoding=\"async\" loading=\"lazy\" class=\"alignnone wp-image-13248 size-large\" src=\"http:\/\/kravallslojd.se\/wordpress\/wp-content\/uploads\/2014\/08\/1898037_276777342482464_706020046_n-560x405.jpg\" alt=\"1898037_276777342482464_706020046_n\" width=\"560\" height=\"405\" \/><\/a><\/p>\n<p><span style=\"font-size: small\">St\u00e4mningen i rummet n\u00e4r vi skapade banderollen var speciell. Tillsammans processade vi vad som hade h\u00e4nt n\u00e5gra dagar tidigare. Genom att klippa och klistra bearbetade vi v\u00e5ra k\u00e4nslor och gav samtidigt ett svar till de personer som p\u00e5 ett fruktansv\u00e4rt s\u00e4tt f\u00f6rs\u00f6kt ta ifr\u00e5n oss r\u00e4tten att k\u00e4nna oss trygga p\u00e5 Malm\u00f6s gator. <\/span><\/p>\n<p>Vi har tidigare under den h\u00e4r bloggveckan skrivit om olika politiska aspekter av handarbete. F\u00f6r oss k\u00e4ndes det i den stunden som ett m\u00e5ste att visa att det v\u00e5ld som anv\u00e4nts var avskyv\u00e4rt och att det g\u00e5r att k\u00e4mpa f\u00f6r en f\u00f6r\u00e4ndring, p\u00e5 annat s\u00e4tt. Vi ville utnyttja mjukheten som ofta f\u00f6rknippas med handarbete f\u00f6r att f\u00f6rst\u00e4rka konstrasten mellan nazisternas v\u00e5ld och v\u00e5rt motst\u00e5nd. Att till\u00e5ta sig att k\u00e4nna, gr\u00e5ta, vara svag, och att sen bearbeta k\u00e4nslorna ger en styrka att bygga vidare p\u00e5. En styrka att ta avsats i och forts\u00e4tta kampen genom. D\u00e4rf\u00f6r var skapandet av v\u00e5r banderoll progressivt flera plan.<\/p>\n<p>&nbsp;<\/p>\n<p><a href=\"http:\/\/kravallslojd.se\/wordpress\/wp-content\/uploads\/2014\/08\/1920368_276565919170273_1954716016_n.jpg\" ><img decoding=\"async\" loading=\"lazy\" class=\"alignnone wp-image-13249 size-medium\" src=\"http:\/\/kravallslojd.se\/wordpress\/wp-content\/uploads\/2014\/08\/1920368_276565919170273_1954716016_n-300x230.jpg\" alt=\"1920368_276565919170273_1954716016_n\" width=\"300\" height=\"230\" \/><\/a><\/p>\n<p>Kvinnors kamp har s\u00e4llan varit grundad i v\u00e5ld. Utan tillg\u00e5ng till vapen och v\u00e5ldsamhet har kvinnor i alla tider f\u00e5tt utveckla andra strategier f\u00f6r att ta makt och i de strategierna ligger det en enorm styrka. Vi i FPH v\u00e4ljer att visa den styrkan genom handarbete. Vi anv\u00e4nder v\u00e5ra h\u00e4nder f\u00f6r att skapa en f\u00f6rl\u00e4ngning av v\u00e5ra kroppar, som vi delar med oss till omgivningen av. Andra personer v\u00e4ljer andra v\u00e4gar. Och jag \u00e4r \u00f6vertygad om att det \u00e4r genom m\u00e5ngfald i kampen och gemensamma visioner som vi uppn\u00e5r f\u00f6r\u00e4ndring.<\/p>\n<p>&nbsp;<\/p>\n<p><a href=\"http:\/\/kravallslojd.se\/wordpress\/wp-content\/uploads\/2014\/08\/10001463_276645972495601_1972191981_n-2.jpg\" ><img decoding=\"async\" loading=\"lazy\" class=\"alignnone wp-image-13252 size-large\" src=\"http:\/\/kravallslojd.se\/wordpress\/wp-content\/uploads\/2014\/08\/10001463_276645972495601_1972191981_n-2-560x448.jpg\" alt=\"10001463_276645972495601_1972191981_n 2\" width=\"560\" height=\"448\" \/><\/a><\/p>\n<p><span style=\"font-size: small\">Vi m\u00e5ste gr\u00e5ta, vi m\u00e5ste f\u00e5 k\u00e4nna hoppl\u00f6shet, men sen m\u00e5ste vi bearbeta och samla kraft, p\u00e5 alla s\u00e4tt vi kan. F\u00f6r vi f\u00e5r aldrig ge upp!<\/span><\/p>\n<p>Nea, FPH<\/p>\n<p>&nbsp;<\/p>\n<p>&nbsp;<\/p>\n","protected":false},"excerpt":{"rendered":"<p>Den nionde mars, dagen efter internationella kvinnodagen, i \u00e5r skrev jag s\u00e5h\u00e4r i min dagbok: Peppen, engagemanget och gemenskapen har svept mig med, som en virvelvind. Som det alltid g\u00f6r. Det v\u00e4rmer i mig n\u00e4r andra m\u00e4nniskor kan v\u00e4cka en s\u00e5dan respekt och \u00f6dmjukhet inf\u00f6r den feministiska kampen och dess olika delar. Och mitt hj\u00e4rta [&hellip;]<\/p>\n","protected":false},"author":275,"featured_media":0,"comment_status":"open","ping_status":"open","sticky":false,"template":"","format":"standard","meta":[],"categories":[1660],"tags":[1679,1681,1666,1663,1680,1682],"_links":{"self":[{"href":"https:\/\/kravallslojd.se\/wordpress\/index.php?rest_route=\/wp\/v2\/posts\/13247"}],"collection":[{"href":"https:\/\/kravallslojd.se\/wordpress\/index.php?rest_route=\/wp\/v2\/posts"}],"about":[{"href":"https:\/\/kravallslojd.se\/wordpress\/index.php?rest_route=\/wp\/v2\/types\/post"}],"author":[{"embeddable":true,"href":"https:\/\/kravallslojd.se\/wordpress\/index.php?rest_route=\/wp\/v2\/users\/275"}],"replies":[{"embeddable":true,"href":"https:\/\/kravallslojd.se\/wordpress\/index.php?rest_route=%2Fwp%2Fv2%2Fcomments&post=13247"}],"version-history":[{"count":4,"href":"https:\/\/kravallslojd.se\/wordpress\/index.php?rest_route=\/wp\/v2\/posts\/13247\/revisions"}],"predecessor-version":[{"id":13256,"href":"https:\/\/kravallslojd.se\/wordpress\/index.php?rest_route=\/wp\/v2\/posts\/13247\/revisions\/13256"}],"wp:attachment":[{"href":"https:\/\/kravallslojd.se\/wordpress\/index.php?rest_route=%2Fwp%2Fv2%2Fmedia&parent=13247"}],"wp:term":[{"taxonomy":"category","embeddable":true,"href":"https:\/\/kravallslojd.se\/wordpress\/index.php?rest_route=%2Fwp%2Fv2%2Fcategories&post=13247"},{"taxonomy":"post_tag","embeddable":true,"href":"https:\/\/kravallslojd.se\/wordpress\/index.php?rest_route=%2Fwp%2Fv2%2Ftags&post=13247"}],"curies":[{"name":"wp","href":"https:\/\/api.w.org\/{rel}","templated":true}]}}