{"id":13521,"date":"2017-04-15T17:21:54","date_gmt":"2017-04-15T15:21:54","guid":{"rendered":"http:\/\/kravallslojd.se\/wordpress\/?p=13521"},"modified":"2017-04-15T17:21:54","modified_gmt":"2017-04-15T15:21:54","slug":"kravallslojd-firar-10-ar-och-lagger-ner-offentlig-avtackning-19-april-i-goteborg","status":"publish","type":"post","link":"https:\/\/kravallslojd.se\/wordpress\/?p=13521","title":{"rendered":"Kravallsl\u00f6jd firar 10 \u00e5r och l\u00e4gger ner &#8211; Offentlig avtackning 19 april i G\u00f6teborg"},"content":{"rendered":"<p>Kravallsl\u00f6jd firar 10 \u00e5r och l\u00e4gger ner.<br \/>\nVi i CREW tackar dig som lyft sl\u00f6jden i sann Kravallsl\u00f6jdsanda<br \/>\noch uppmuntrar dig till att forts\u00e4tta.<br \/>\nMed anledning av jubileet ordnas en offentlig avtackning.<\/p>\n<p><img decoding=\"async\" loading=\"lazy\" class=\"wp-image-13522 size-large alignleft\" src=\"http:\/\/kravallslojd.se\/wordpress\/wp-content\/uploads\/2017\/04\/save3-560x301.jpg\" alt=\"\" width=\"560\" height=\"301\" \/><\/p>\n<p>Kom f\u00f6rbi och uppm\u00e4rksamma oss<br \/>\nonsdagen den 19 april kl. 19 p\u00e5 Oceanen krog,<br \/>\nStigbergstorget 8, G\u00f6teborg.<\/p>\n<p>*G\u00e5vor och historier mottages varmt under kv\u00e4llen.<\/p>\n<p>Ta med dig fler kravallsl\u00f6jdande m\u00e4nniskor<br \/>\noch tr\u00e4ffa oss i Kravallsl\u00f6jd CREW.<br \/>\nVi snackar sl\u00f6jd och h\u00f6jer glaset<br \/>\nf\u00f6r 10 viktiga \u00e5r i Sl\u00f6jdsverige.<br \/>\nM\u00f6jlighet att k\u00f6pa mat och dryck finns.<\/p>\n<p>TILL SIST: Tveka inte, mobilisera dig och agera d\u00e4r det st\u00e5r still. Vi ses d\u00e4r ute!<br \/>\n\/Kravallsl\u00f6jd CREW &#8211; Veronica, Mia, Jonny, Anna.<br \/>\n<img decoding=\"async\" loading=\"lazy\" class=\"wp-image-13508 size-large alignleft\" src=\"http:\/\/kravallslojd.se\/wordpress\/wp-content\/uploads\/2017\/02\/logostad-560x119.png\" alt=\"\" width=\"560\" height=\"119\" \/><\/p>\n","protected":false},"excerpt":{"rendered":"<p>Kravallsl\u00f6jd firar 10 \u00e5r och l\u00e4gger ner. Vi i CREW tackar dig som lyft sl\u00f6jden i sann Kravallsl\u00f6jdsanda och uppmuntrar dig till att forts\u00e4tta. Med anledning av jubileet ordnas en offentlig avtackning. Kom f\u00f6rbi och uppm\u00e4rksamma oss onsdagen den 19 april kl. 19 p\u00e5 Oceanen krog, Stigbergstorget 8, G\u00f6teborg. *G\u00e5vor och historier mottages varmt under [&hellip;]<\/p>\n","protected":false},"author":46,"featured_media":0,"comment_status":"open","ping_status":"open","sticky":false,"template":"","format":"standard","meta":[],"categories":[49],"tags":[1803,1804,1802,1800,1801],"_links":{"self":[{"href":"https:\/\/kravallslojd.se\/wordpress\/index.php?rest_route=\/wp\/v2\/posts\/13521"}],"collection":[{"href":"https:\/\/kravallslojd.se\/wordpress\/index.php?rest_route=\/wp\/v2\/posts"}],"about":[{"href":"https:\/\/kravallslojd.se\/wordpress\/index.php?rest_route=\/wp\/v2\/types\/post"}],"author":[{"embeddable":true,"href":"https:\/\/kravallslojd.se\/wordpress\/index.php?rest_route=\/wp\/v2\/users\/46"}],"replies":[{"embeddable":true,"href":"https:\/\/kravallslojd.se\/wordpress\/index.php?rest_route=%2Fwp%2Fv2%2Fcomments&post=13521"}],"version-history":[{"count":15,"href":"https:\/\/kravallslojd.se\/wordpress\/index.php?rest_route=\/wp\/v2\/posts\/13521\/revisions"}],"predecessor-version":[{"id":13537,"href":"https:\/\/kravallslojd.se\/wordpress\/index.php?rest_route=\/wp\/v2\/posts\/13521\/revisions\/13537"}],"wp:attachment":[{"href":"https:\/\/kravallslojd.se\/wordpress\/index.php?rest_route=%2Fwp%2Fv2%2Fmedia&parent=13521"}],"wp:term":[{"taxonomy":"category","embeddable":true,"href":"https:\/\/kravallslojd.se\/wordpress\/index.php?rest_route=%2Fwp%2Fv2%2Fcategories&post=13521"},{"taxonomy":"post_tag","embeddable":true,"href":"https:\/\/kravallslojd.se\/wordpress\/index.php?rest_route=%2Fwp%2Fv2%2Ftags&post=13521"}],"curies":[{"name":"wp","href":"https:\/\/api.w.org\/{rel}","templated":true}]}}