{"id":1606,"date":"2009-05-04T20:16:13","date_gmt":"2009-05-04T19:16:13","guid":{"rendered":"http:\/\/kravallslojd.se\/wordpress\/?p=1606"},"modified":"2009-05-05T19:06:31","modified_gmt":"2009-05-05T18:06:31","slug":"1606","status":"publish","type":"post","link":"https:\/\/kravallslojd.se\/wordpress\/?p=1606","title":{"rendered":"ganell, n\u00e4tverk p\u00e5 Gotland"},"content":{"rendered":"<p class=\"MsoNormal\" style=\"margin: 0cm 0cm 0pt;\"><span style=\"font-family: Arial;\"><span style=\"font-size: small;\">\u201dJag \u00e4r n\u00e4stan f\u00e4rdig med livet!\u201d \u2013 sa hon och l\u00e4t GLAD. Det visade sig att hon pratade om den kurs i m\u00f6nsterkonstruktion hon g\u00e5r och \u201d\u00f6verdelar\u201d hade st\u00e5tt p\u00e5 programmet.<\/span><\/span><\/p>\n<p class=\"MsoNormal\" style=\"margin: 0cm 0cm 0pt;\"><span style=\"font-family: Arial;\"><span style=\"font-size: small;\">\u00a0<\/span><\/span><\/p>\n<p class=\"MsoNormal\" style=\"margin: 0cm 0cm 0pt;\"><span style=\"font-family: Arial;\"><span style=\"font-size: small;\">Det h\u00e4r \u00e4r mitt allra f\u00f6rsta bloggande och det kommer att handla om b\u00e5de ditt och datt under veckan. Om du \u00e4r nyfiken p\u00e5 vad jag g\u00f6r och vem jag \u00e4r s\u00e5 finns en hel del att l\u00e4sa p\u00e5 <\/span><a target=\"_blank\" href=\"http:\/\/www.ganell.se\/\" ><span style=\"font-size: small; color: #800080;\">www.ganell.se<\/span><\/a><span style=\"font-size: small;\">. D\u00e4r hoppas jag att det framg\u00e5r att \u00e4ven jag \u00e4r v\u00e4ldigt n\u00f6jd med att vara \u201dn\u00e4stan f\u00e4rdig med livet\u201d. Det vill s\u00e4ga att jag \u00e4ntligen ARBETAR som \u201ddiversearbetare i textil, f\u00e4rg och form\u201d, n\u00e5got som jag har velat \u00e4nda sedan ton\u00e5ren men inte riktigt v\u00e5gat mig p\u00e5 tidigare. Men F\u00c4RDIG \u2013 nej, det blir jag aldrig!<\/span><\/span><\/p>\n<p class=\"MsoNormal\" style=\"margin: 0cm 0cm 0pt;\"><span style=\"font-family: Arial;\"><span style=\"font-size: small;\">\u00a0<\/span><\/span><\/p>\n<p class=\"MsoNormal\" style=\"margin: 0cm 0cm 0pt;\"><span style=\"font-family: Arial;\"><span style=\"font-size: small;\">Hon med \u201dlivet\u201d deltog i ALMI Gotlands seminarium om utformande av hemsidor och webbhandel idag, som en av deltagarna i n\u00e4tverket Textil Gotland (<\/span><a target=\"_blank\" href=\"http:\/\/www.textilgotland.net\/\" ><span style=\"font-size: small; color: #800080;\">www.textilgotland.net<\/span><\/a><span style=\"font-size: small;\">). D\u00e4r sitter jag i styrelsen och vi h\u00e5ller just p\u00e5 att omforma v\u00e5r hemsida s\u00e5 f\u00f6rel\u00e4sningen passade som hand i handske. F\u00f6rhoppningsvis s\u00e5 ska den bli mer \u00f6versk\u00e5dlig f\u00f6r b\u00e5de de drygt 60 medlemmarna och f\u00f6r v\u00e5ra kunder.<\/span><\/span><\/p>\n<p class=\"MsoNormal\" style=\"margin: 0cm 0cm 0pt;\"><span style=\"font-family: Arial;\"><span style=\"font-size: small;\">Ett annat n\u00e4tverk som jag deltar i \u00e4r \u201dTovningsakademin\u201d, som drivs i Hemsl\u00f6jdens regi och som du kan l\u00e4sa mer om i en artikel h\u00e4r p\u00e5 Kravallsl\u00f6jds sida nu under \u201dGotlandsveckan\u201d. D\u00e4r \u00e4r vi ca 15 medlemmar som i olika uppgifter och projekt vidareutvecklar oss i tovande och har trevligt tillsammans.<\/span><\/span><\/p>\n<p class=\"MsoNormal\" style=\"margin: 0cm 0cm 0pt;\"><span style=\"font-family: Arial;\"><span style=\"font-size: small;\">\u00a0<\/span><\/span><\/p>\n<p class=\"MsoNormal\" style=\"margin: 0cm 0cm 0pt;\"><span style=\"font-family: Arial;\"><span style=\"font-size: small;\">Och n\u00e4r jag nu \u00e4r inne p\u00e5 avdelningen n\u00e4tverk s\u00e5 kan jag lika g\u00e4rna passa p\u00e5 att n\u00e4mna \u201dMadame Herr Donner\u201d ocks\u00e5. Hon, madame Donner allts\u00e5, drev sitt handelsimperium p\u00e5 1700-talet \u201dsom en hel karl\u201d. De aff\u00e4rskontakter hon hade utomlands kunde inte tro att de hade att g\u00f6ra med en kvinna och lade d\u00e4rf\u00f6r till ett \u201dHerr\u201d n\u00e4r de adresserade brev till henne. Madame Donner \u00e4r f\u00f6rebilden f\u00f6r kvinnligt entrepren\u00f6rskap i ovan n\u00e4mnda n\u00e4tverk, d\u00e4r jag deltar f\u00f6r att bredda kunskaperna utanf\u00f6r de rent hantverksm\u00e4ssiga. F\u00f6r det g\u00e4ller ju att klara rollen som f\u00f6retagare ocks\u00e5!<\/span><\/span><\/p>\n","protected":false},"excerpt":{"rendered":"<p>\u201dJag \u00e4r n\u00e4stan f\u00e4rdig med livet!\u201d \u2013 sa hon och l\u00e4t GLAD. Det visade sig att hon pratade om den kurs i m\u00f6nsterkonstruktion hon g\u00e5r och \u201d\u00f6verdelar\u201d hade st\u00e5tt p\u00e5 programmet. \u00a0 Det h\u00e4r \u00e4r mitt allra f\u00f6rsta bloggande och det kommer att handla om b\u00e5de ditt och datt under veckan. Om du \u00e4r nyfiken [&hellip;]<\/p>\n","protected":false},"author":78,"featured_media":0,"comment_status":"open","ping_status":"open","sticky":false,"template":"","format":"standard","meta":[],"categories":[146],"tags":[],"_links":{"self":[{"href":"https:\/\/kravallslojd.se\/wordpress\/index.php?rest_route=\/wp\/v2\/posts\/1606"}],"collection":[{"href":"https:\/\/kravallslojd.se\/wordpress\/index.php?rest_route=\/wp\/v2\/posts"}],"about":[{"href":"https:\/\/kravallslojd.se\/wordpress\/index.php?rest_route=\/wp\/v2\/types\/post"}],"author":[{"embeddable":true,"href":"https:\/\/kravallslojd.se\/wordpress\/index.php?rest_route=\/wp\/v2\/users\/78"}],"replies":[{"embeddable":true,"href":"https:\/\/kravallslojd.se\/wordpress\/index.php?rest_route=%2Fwp%2Fv2%2Fcomments&post=1606"}],"version-history":[{"count":4,"href":"https:\/\/kravallslojd.se\/wordpress\/index.php?rest_route=\/wp\/v2\/posts\/1606\/revisions"}],"predecessor-version":[{"id":1608,"href":"https:\/\/kravallslojd.se\/wordpress\/index.php?rest_route=\/wp\/v2\/posts\/1606\/revisions\/1608"}],"wp:attachment":[{"href":"https:\/\/kravallslojd.se\/wordpress\/index.php?rest_route=%2Fwp%2Fv2%2Fmedia&parent=1606"}],"wp:term":[{"taxonomy":"category","embeddable":true,"href":"https:\/\/kravallslojd.se\/wordpress\/index.php?rest_route=%2Fwp%2Fv2%2Fcategories&post=1606"},{"taxonomy":"post_tag","embeddable":true,"href":"https:\/\/kravallslojd.se\/wordpress\/index.php?rest_route=%2Fwp%2Fv2%2Ftags&post=1606"}],"curies":[{"name":"wp","href":"https:\/\/api.w.org\/{rel}","templated":true}]}}