{"id":1611,"date":"2009-05-05T20:03:02","date_gmt":"2009-05-05T19:03:02","guid":{"rendered":"http:\/\/kravallslojd.se\/wordpress\/?p=1611"},"modified":"2009-05-05T20:03:02","modified_gmt":"2009-05-05T19:03:02","slug":"ganell-inredning-m-m","status":"publish","type":"post","link":"https:\/\/kravallslojd.se\/wordpress\/?p=1611","title":{"rendered":"ganell, inredning m m"},"content":{"rendered":"<p class=\"MsoNormal\" style=\"margin: 0cm 0cm 0pt;\"><span style=\"font-family: Arial;\"><span style=\"font-size: small;\">Ett l\u00e5ngt och roligt inredningsuppdrag n\u00e4rmar sig sitt slut. Swedbank h\u00e4r i Visby har byggt om sitt kontor och jag har haft \u00e4ran att f\u00e5 leda en del av det projektet. Fr\u00e5n b\u00f6rjan handlade det om att hitta olika l\u00f6sningar till ledningens fr\u00e5gest\u00e4llning \u201dG\u00e5r det att minska ytan med n\u00e4stan 50%?\u201d. N\u00e4r svaret visade sig vara ett \u201dja\u201d s\u00e5 inleddes arbetet med att f\u00e5 personalen med p\u00e5 nya f\u00f6r\u00e4ndringar \u2013 och de \u00e4r fantastiska! Det verkar som om alla har tyckt att en stegvis ombyggnad under ett halv\u00e5r har varit KUL! N\u00e4r planeringen av avklarad s\u00e5 drog borrmaskiner, byggdamm och allt annat som jag tycker verkar mest som problemskapare i den dagliga verksamheten in, och jag har \u00e4nd\u00e5 inte h\u00f6rt ett enda klagom\u00e5l. TACK Swedbank Visby f\u00f6r att jag f\u00e5tt vara med!<\/span><\/span><\/p>\n<p class=\"MsoNormal\" style=\"margin: 0cm 0cm 0pt;\"><span style=\"font-family: Arial;\"><span style=\"font-size: small;\">\u00a0<\/span><\/span><\/p>\n<p class=\"MsoNormal\" style=\"margin: 0cm 0cm 0pt;\"><span style=\"font-family: Arial;\"><span style=\"font-size: small;\">Swedbank har ett centralt avtal med Kinnarps s\u00e5 de nya m\u00f6blerna till banken har kommit just d\u00e4rifr\u00e5n. Och tack vare det s\u00e5 har <strong>ganell<\/strong>, som ju \u00e4r \u201ddiversearbetare i textil, f\u00e4rg och form\u201d, inlett ett samarbete med Kinnarps h\u00e4r i Visby som ger litet mera struktur i tillvaron. Ungef\u00e4r p\u00e5 halvtid p\u00e5 \u00e5rsbasis s\u00e5 utnyttjar Kinnarps <strong>ganell<\/strong>s tj\u00e4nster som inredare och allt k\u00e4nns v\u00e4ldigt bra! Kvar finns en halvtid att \u00e4gna \u00e5t hantverket och \u201degna\u201d inredningsuppdrag, samt ytterligare en till \u201df\u00f6retagandet\u201d \u2013 d v s allt som har med f\u00f6rs\u00e4ljning, marknadsf\u00f6ring, administration och annat att g\u00f6ra. Och jo, jag KAN r\u00e4kna men redovisar hur verkligheten ser ut.<\/span><\/span><\/p>\n<p class=\"MsoNormal\" style=\"margin: 0cm 0cm 0pt;\"><span style=\"font-family: Arial;\"><span style=\"font-size: small;\">\u00a0<\/span><\/span><\/p>\n<p class=\"MsoNormal\" style=\"margin: 0cm 0cm 0pt;\"><span style=\"font-family: Arial;\"><span style=\"font-size: small;\">Idag har eftermiddagen g\u00e5tt \u00e5t till avdelningen marknadsf\u00f6ring, och att producera annonser. Det \u00e4r inte bara Kravallsl\u00f6jd som har Gotlandstema, utan ocks\u00e5 tidskriften FORMs stora sommarnummer. D\u00e5 g\u00e4ller det f\u00f6r mig att haka p\u00e5 eftersom <strong>ganells garage<\/strong> har premi\u00e4r i slutet av maj. <strong>ganells garage<\/strong> \u00e4r min pyttelilla butik\/galleri\/showroom d\u00e4r jag visar och s\u00e4ljer resultaten fr\u00e5n en av mina tre halvtidssyssels\u00e4ttningar. N\u00e4r jag \u00e4nd\u00e5 var ig\u00e5ng s\u00e5 blev det ett par annonser till dagspressen h\u00e4r p\u00e5 \u00f6n ocks\u00e5.<\/span><\/span><\/p>\n<p class=\"MsoNormal\" style=\"margin: 0cm 0cm 0pt;\"><span style=\"font-family: Arial;\"><span style=\"font-size: small;\">\u00a0<\/span><\/span><\/p>\n<p class=\"MsoNormal\" style=\"margin: 0cm 0cm 0pt;\"><span style=\"font-family: Arial;\"><span style=\"font-size: small;\">Nu n\u00e4r dagens blogg \u00e4r skriven ska jag \u00e4gna en stund \u00e5t en f\u00e4rgs\u00e4ttning till en av sommarrestaurangerna i sta\u00b4n. Det \u00e4r ett uppdrag som ramlade p\u00e5 mig i f\u00f6rra veckan och som jag tackade ja till utan att t\u00e4nka till riktigt\u2026 Br\u00e5ttom f\u00f6r restaurangen f\u00f6rst\u00e5s, eftersom sommaren och \u00f6ppningsdatum n\u00e4rmar sig med stormsteg och allt ska se fr\u00e4scht ut d\u00e5.<\/span><\/span><\/p>\n","protected":false},"excerpt":{"rendered":"<p>Ett l\u00e5ngt och roligt inredningsuppdrag n\u00e4rmar sig sitt slut. Swedbank h\u00e4r i Visby har byggt om sitt kontor och jag har haft \u00e4ran att f\u00e5 leda en del av det projektet. Fr\u00e5n b\u00f6rjan handlade det om att hitta olika l\u00f6sningar till ledningens fr\u00e5gest\u00e4llning \u201dG\u00e5r det att minska ytan med n\u00e4stan 50%?\u201d. N\u00e4r svaret visade sig [&hellip;]<\/p>\n","protected":false},"author":78,"featured_media":0,"comment_status":"open","ping_status":"open","sticky":false,"template":"","format":"standard","meta":[],"categories":[146],"tags":[],"_links":{"self":[{"href":"https:\/\/kravallslojd.se\/wordpress\/index.php?rest_route=\/wp\/v2\/posts\/1611"}],"collection":[{"href":"https:\/\/kravallslojd.se\/wordpress\/index.php?rest_route=\/wp\/v2\/posts"}],"about":[{"href":"https:\/\/kravallslojd.se\/wordpress\/index.php?rest_route=\/wp\/v2\/types\/post"}],"author":[{"embeddable":true,"href":"https:\/\/kravallslojd.se\/wordpress\/index.php?rest_route=\/wp\/v2\/users\/78"}],"replies":[{"embeddable":true,"href":"https:\/\/kravallslojd.se\/wordpress\/index.php?rest_route=%2Fwp%2Fv2%2Fcomments&post=1611"}],"version-history":[{"count":2,"href":"https:\/\/kravallslojd.se\/wordpress\/index.php?rest_route=\/wp\/v2\/posts\/1611\/revisions"}],"predecessor-version":[{"id":1613,"href":"https:\/\/kravallslojd.se\/wordpress\/index.php?rest_route=\/wp\/v2\/posts\/1611\/revisions\/1613"}],"wp:attachment":[{"href":"https:\/\/kravallslojd.se\/wordpress\/index.php?rest_route=%2Fwp%2Fv2%2Fmedia&parent=1611"}],"wp:term":[{"taxonomy":"category","embeddable":true,"href":"https:\/\/kravallslojd.se\/wordpress\/index.php?rest_route=%2Fwp%2Fv2%2Fcategories&post=1611"},{"taxonomy":"post_tag","embeddable":true,"href":"https:\/\/kravallslojd.se\/wordpress\/index.php?rest_route=%2Fwp%2Fv2%2Ftags&post=1611"}],"curies":[{"name":"wp","href":"https:\/\/api.w.org\/{rel}","templated":true}]}}