{"id":1614,"date":"2009-05-07T19:49:22","date_gmt":"2009-05-07T18:49:22","guid":{"rendered":"http:\/\/kravallslojd.se\/wordpress\/?p=1614"},"modified":"2009-05-07T19:49:22","modified_gmt":"2009-05-07T18:49:22","slug":"ganell-farg","status":"publish","type":"post","link":"https:\/\/kravallslojd.se\/wordpress\/?p=1614","title":{"rendered":"ganell, f\u00e4rg"},"content":{"rendered":"<p class=\"MsoNormal\" style=\"margin: 0cm 0cm 0pt;\"><span style=\"font-family: Arial;\"><span style=\"font-size: small;\">Jag har en egen liten kravallr\u00f6relse \u2013 i f\u00e4rg! Den handlar om att \u201dV\u00e5ga v\u00e4gra svart\u201d. Nej, f\u00e4rg ska de\u00b4va\u00b4! Idag b\u00f6rjade jag fundera (igen) \u00f6ver en sak min mamma sa n\u00e4r jag var s\u00e5d\u00e4r 12 \u00e5r, n\u00e4mligen att \u201dJag kan inte ha bl\u00e5tt \u2013 utom kanske p\u00e5 sommaren n\u00e4r jag \u00e4r solbr\u00e4nd\u201d. D\u00e5 tyckte jag att det var bland det dummaste jag h\u00f6rt. Vadd\u00e5 KAN?! Nu funderar jag \u00f6ver om det var hennes uttalande som utl\u00f6ste mitt stora intresse f\u00f6r fenomenet f\u00e4rg och hur det p\u00e5verkar oss? (Titta g\u00e4rna p\u00e5 ganells hemsida <\/span><a target=\"_blank\" href=\"http:\/\/www.ganell.se\/\" ><span style=\"font-size: small; color: #800080;\">www.ganell.se<\/span><\/a><span style=\"font-size: small;\"> s\u00e5 ser du att det inte \u00e4r mycket i tovningsproduktionen som g\u00e5r i den okul\u00f6rta f\u00e4rgskalan.)<\/span><\/span><\/p>\n<p class=\"MsoNormal\" style=\"margin: 0cm 0cm 0pt;\"><span style=\"font-family: Arial;\"><span style=\"font-size: small;\">\u00a0<\/span><\/span><\/p>\n<p class=\"MsoNormal\" style=\"margin: 0cm 0cm 0pt;\"><span style=\"font-family: Arial;\"><span style=\"font-size: small;\">Intresserad som jag var p\u00e5 teckningslektionerna i skolan, s\u00e5 borde jag komma ih\u00e5g om vi pratat om annat i f\u00e4rgv\u00e4rlden \u00e4n kul\u00f6rtoncirken d\u00e4r. Men troligen gjorde vi inte det. Det var f\u00f6rst n\u00e4r jag gick p\u00e5 f\u00e4rgkurs om NCS-systemet (som bl a anv\u00e4nds inom f\u00e4rgfackhandeln) som jag f\u00f6rstod \u201dp\u00e5 riktigt\u201d hur det h\u00e4r med f\u00e4rgerna h\u00e4nger ihop. D\u00e5 hade jag dessutom precis utbildat mig till s k f\u00e4rgkonsult (som blev j\u00e4ttepoppis p\u00e5 slutet av 1980-talet men har funnits \u00e5tminstone sedan 1950-talet) och bedrev r\u00e5dgivning om personliga f\u00e4rgval. Och s\u00e5 f\u00f6rstod jag pl\u00f6tsligt vad mamma menat.<\/span><\/span><\/p>\n<p class=\"MsoNormal\" style=\"margin: 0cm 0cm 0pt;\"><span style=\"font-family: Arial;\"><span style=\"font-size: small;\">N\u00e4r jag nu formulerat om det s\u00e5 s\u00e4ger jag att: \u201dBl\u00e5tt \u00e4r inte en av de f\u00e4rger som b\u00e4st framh\u00e4ver mina egna\u201d. Och d\u00e4rf\u00f6r s\u00e5 bedriver jag min lilla \u201dV\u00e5ga v\u00e4gra svart\u201d-kravallr\u00f6relse. Varken f\u00f6r mig eller s\u00e5 v\u00e4rst m\u00e5nga andra med \u201dskandinavisk f\u00e4rgton\u201d s\u00e5 \u00e4r svart det som b\u00e4st framh\u00e4ver v\u00e5ra egna f\u00e4rger.<\/span><\/span><\/p>\n<p class=\"MsoNormal\" style=\"margin: 0cm 0cm 0pt;\"><span style=\"font-family: Arial;\"><span style=\"font-size: small;\">Det finns f\u00f6rst\u00e5s tillf\u00e4llen n\u00e4r \u201df\u00e4rgkoder\u201d ska till\u00e4mpas (t ex marinbl\u00e5tt som kod f\u00f6r s\u00e4kerhet och stabilitet (uniformer) och svart som \u201dgrupptillh\u00f6righetsf\u00e4rg\u201d f\u00f6r punkare), men jag \u00f6nskar st\u00f6rre fantasi n\u00e4r det personliga valet \u00e4r fritt. Och jag tycker att det \u00e4r synd att vi inte v\u00e4ljer litet som i Indien.<\/span><\/span><\/p>\n<p class=\"MsoNormal\" style=\"margin: 0cm 0cm 0pt;\"><span style=\"font-family: Arial;\"><span style=\"font-size: small;\">N\u00e4r vi var d\u00e4r f\u00f6rra \u00e5ret fr\u00e5gade en medresen\u00e4r n\u00e5gra kvinnor hur det kom sig att vi n\u00e4stan aldrig s\u00e5g en sari i \u201dneutral\u201d f\u00e4rg. Svaret, tillsammans med en f\u00f6rv\u00e5nad min, var att det finns alldeles f\u00f6r m\u00e5nga vackra f\u00e4rger att anv\u00e4nda, f\u00f6r att man ska v\u00e4lja en \u201dneutral\u201d.<\/span><\/span><\/p>\n<p class=\"MsoNormal\" style=\"margin: 0cm 0cm 0pt;\"><span style=\"font-family: Arial;\"><span style=\"font-size: small;\">\u00a0<\/span><\/span><\/p>\n<p class=\"MsoNormal\" style=\"margin: 0cm 0cm 0pt;\"><span style=\"font-family: Arial;\"><span style=\"font-size: small;\">OM NU TOVNING f\u00f6r dig \u00e4r detsamma som det var f\u00f6r mig n\u00e4r jag f\u00f6rst l\u00e4rde mig det<span style=\"mso-spacerun: yes;\">\u00a0 <\/span>\u2013 d v s stampigt och gr\u00e5tt i ullens naturgr\u00e5 f\u00e4rgskala (som kan vara ack s\u00e5 vacker!) \u2013 s\u00e5 se dig omkring och uppt\u00e4ck vilka HELT andra uttryck tovning kan ha idag! H\u00e4r p\u00e5 Gotland s\u00e5 \u00e4r vi m\u00e5nga duktiga tovare som anv\u00e4nder b\u00e5de lammens naturliga f\u00e4rgskala och ull i massor av h\u00e4ftiga f\u00e4rger. Och du vet v\u00e4l att f\u00e5r heter \u201dlamm\u201d p\u00e5 Gotland? Det resten av Sverige kallar \u201dlamm\u201d ben\u00e4mner vi \u201dlammungar\u201d.<\/span><\/span><\/p>\n","protected":false},"excerpt":{"rendered":"<p>Jag har en egen liten kravallr\u00f6relse \u2013 i f\u00e4rg! Den handlar om att \u201dV\u00e5ga v\u00e4gra svart\u201d. Nej, f\u00e4rg ska de\u00b4va\u00b4! Idag b\u00f6rjade jag fundera (igen) \u00f6ver en sak min mamma sa n\u00e4r jag var s\u00e5d\u00e4r 12 \u00e5r, n\u00e4mligen att \u201dJag kan inte ha bl\u00e5tt \u2013 utom kanske p\u00e5 sommaren n\u00e4r jag \u00e4r solbr\u00e4nd\u201d. D\u00e5 tyckte [&hellip;]<\/p>\n","protected":false},"author":78,"featured_media":0,"comment_status":"open","ping_status":"open","sticky":false,"template":"","format":"standard","meta":[],"categories":[146],"tags":[],"_links":{"self":[{"href":"https:\/\/kravallslojd.se\/wordpress\/index.php?rest_route=\/wp\/v2\/posts\/1614"}],"collection":[{"href":"https:\/\/kravallslojd.se\/wordpress\/index.php?rest_route=\/wp\/v2\/posts"}],"about":[{"href":"https:\/\/kravallslojd.se\/wordpress\/index.php?rest_route=\/wp\/v2\/types\/post"}],"author":[{"embeddable":true,"href":"https:\/\/kravallslojd.se\/wordpress\/index.php?rest_route=\/wp\/v2\/users\/78"}],"replies":[{"embeddable":true,"href":"https:\/\/kravallslojd.se\/wordpress\/index.php?rest_route=%2Fwp%2Fv2%2Fcomments&post=1614"}],"version-history":[{"count":2,"href":"https:\/\/kravallslojd.se\/wordpress\/index.php?rest_route=\/wp\/v2\/posts\/1614\/revisions"}],"predecessor-version":[{"id":1616,"href":"https:\/\/kravallslojd.se\/wordpress\/index.php?rest_route=\/wp\/v2\/posts\/1614\/revisions\/1616"}],"wp:attachment":[{"href":"https:\/\/kravallslojd.se\/wordpress\/index.php?rest_route=%2Fwp%2Fv2%2Fmedia&parent=1614"}],"wp:term":[{"taxonomy":"category","embeddable":true,"href":"https:\/\/kravallslojd.se\/wordpress\/index.php?rest_route=%2Fwp%2Fv2%2Fcategories&post=1614"},{"taxonomy":"post_tag","embeddable":true,"href":"https:\/\/kravallslojd.se\/wordpress\/index.php?rest_route=%2Fwp%2Fv2%2Ftags&post=1614"}],"curies":[{"name":"wp","href":"https:\/\/api.w.org\/{rel}","templated":true}]}}