{"id":1617,"date":"2009-05-09T09:44:16","date_gmt":"2009-05-09T08:44:16","guid":{"rendered":"http:\/\/kravallslojd.se\/wordpress\/?p=1617"},"modified":"2009-05-09T09:44:16","modified_gmt":"2009-05-09T08:44:16","slug":"ganell-att-valja","status":"publish","type":"post","link":"https:\/\/kravallslojd.se\/wordpress\/?p=1617","title":{"rendered":"ganell, att v\u00e4lja"},"content":{"rendered":"<p class=\"MsoNormal\" style=\"margin: 0cm 0cm 0pt;\"><span style=\"font-family: Arial;\"><span style=\"font-size: small;\">Ig\u00e5r var det fredag, jag var tr\u00f6tt i huvudet och k\u00e4nde en massa \u201dborde\u201d inf\u00f6r helgen. Jag hade beslutat att det skulle vara den sista av mina kravallsl\u00f6jdsbloggardagar men hade inte en id\u00e9 om vad jag skulle skriva om. I morse var det litet l\u00e4ttare att komma ig\u00e5ng n\u00e4r jag drog jag mig till minnes hur g\u00e5rdagen b\u00f6rjade \u2013 och d\u00e4r b\u00f6rjar jag idag:<\/span><\/span><\/p>\n<p class=\"MsoNormal\" style=\"margin: 0cm 0cm 0pt;\"><span style=\"font-family: Arial;\"><span style=\"font-size: small;\">\u00a0<\/span><\/span><\/p>\n<p class=\"MsoNormal\" style=\"margin: 0cm 0cm 0pt;\"><span style=\"font-family: Arial;\"><span style=\"font-size: small;\">Det f\u00f6rsta jag h\u00f6rde p\u00e5 radion ig\u00e5r morse var \u201d\u2026 fredag, som m\u00e5nga tycker \u00e4r veckans b\u00e4sta dag\u201d. Och bland det f\u00f6rsta jag h\u00f6rde n\u00e4r jag kom till jobbet var \u201d\u2026och \u00e4ntligen \u00e4r det fredag!\u201d. Men d\u00e4r kom det mothugg: \u201dMen jag gillar m\u00e5ndag morgnar mer!\u201d Vi lyfte p\u00e5 \u00f6gonbrynen f\u00f6r han som yttrade sig ger inte intryck av att \u00e4lska m\u00e5ndagsmorgnar precis\u2026 Men med forts\u00e4ttningen kom f\u00f6rklaringen: \u201dF\u00f6r d\u00e5 \u00e4r det som l\u00e4ngst till n\u00e4sta m\u00e5ndag morgon.\u201d Och s\u00e5 kan man ju ocks\u00e5 se det. Hur v\u00e4ljer du?<\/span><\/span><\/p>\n<p class=\"MsoNormal\" style=\"margin: 0cm 0cm 0pt;\"><span style=\"font-family: Arial;\"><span style=\"font-size: small;\">\u00a0<\/span><\/span><\/p>\n<p class=\"MsoNormal\" style=\"margin: 0cm 0cm 0pt;\"><span style=\"font-family: Arial;\"><span style=\"font-size: small;\">Och hur v\u00e4ljer jag? Det finns ju mer och mindre viktiga val att g\u00f6ra i livet, och jag tycker att jag valt r\u00e4tt de g\u00e5nger det VERKLIGEN har g\u00e4llt. De g\u00e5nger det har blivit riktigt lyckat s\u00e5 har jag lyckats anv\u00e4nda hj\u00e4rtat och struntat i hj\u00e4rnans alla \u201dt\u00e4nk om\u201d och andra protester.<\/span><\/span><\/p>\n<p class=\"MsoNormal\" style=\"margin: 0cm 0cm 0pt;\"><span style=\"font-family: Arial;\"><span style=\"font-size: small;\">Som t ex n\u00e4r jag best\u00e4mde mig f\u00f6r att dra ig\u00e5ng <strong>ganell<\/strong> och bli \u201ddiversearbetare i textil, f\u00e4rg och form\u201d. Under en resa i Nya Zeeland s\u00e5 s\u00e5g jag nunotovning f\u00f6r f\u00f6rsta g\u00e5ngen och visste att det p\u00e5 n\u00e5got s\u00e4tt var fr\u00e5gan om \u201dnu eller aldrig\u201d. Det var som att jag p\u00e5 ett \u00f6gonblick ins\u00e5g vilka fantastiska m\u00f6jligheter det ligger i tovningen. H\u00e4r var en teknik d\u00e4r det knappast finns n\u00e5gra begr\u00e4nsningar alls.<\/span><\/span><\/p>\n<p class=\"MsoNormal\" style=\"margin: 0cm 0cm 0pt;\"><span style=\"font-family: Arial;\"><span style=\"font-size: small;\">N\u00e4r jag f\u00f6rsta g\u00e5ngen l\u00e4rde mig tekniken f\u00f6r massor av \u00e5r sedan s\u00e5 s\u00e5g jag det inte s\u00e5 \u2013 det mesta tycktes mig vara gr\u00e5tt, stampiga vantar och \u201dskogsmullehattar\u201d. Men nu: Jag KAN inte komma p\u00e5 n\u00e5gon annan textil teknik med st\u00f6rre m\u00f6jlighet till variation i utf\u00f6randet. Det g\u00e5r ju att \u00e5stadkomma allt fr\u00e5n supertunna, l\u00e4tta nunotovade textilier i finfibrig ull till stora sj\u00e4lvb\u00e4rande skulpturer av gr\u00f6vre fibrer \u2013 och allt i samma grundmaterial och med i stort sett samma teknik. Och dessutom s\u00e5 finns min favorit n\u00e5lfilt.<\/span><\/span><\/p>\n<p class=\"MsoNormal\" style=\"margin: 0cm 0cm 0pt;\"><span style=\"font-family: Arial;\"><span style=\"font-size: small;\">\u00a0<\/span><\/span><\/p>\n<p class=\"MsoNormal\" style=\"margin: 0cm 0cm 0pt;\"><span style=\"font-family: Arial;\"><span style=\"font-size: small;\">N\u00e5lfilt \u00e4r ett f\u00f6rfiltat material av ull (som finns i massor av f\u00e4rger!) och som jag tycker g\u00f6r tovningen \u00e4nnu roligare. Den \u00e4r l\u00e4tt att arbeta med, b\u00e5de vid \u201dvanlig\u201d tovning och vid nunotovning, och resultatet av id\u00e9erna kommer fram litet snabbare \u00e4n med \u201dl\u00f6s\u201d ull. Om du tovar och inte har provat n\u00e5lfilt \u00e4n \u2013 g\u00f6r det! Eller om du inte tovat alls men vill prova \u2013 b\u00f6rja med n\u00e5lfilt! Som du kanske sett p\u00e5 <\/span><a target=\"_blank\" href=\"http:\/\/www.ganell.se\/\" ><span style=\"font-size: small; color: #800080;\">www.ganell.se<\/span><\/a><span style=\"font-size: small;\"> s\u00e5 finns litet olika hj\u00e4lpmedel f\u00f6r tovning till f\u00f6rs\u00e4ljning d\u00e4r, bl a den n\u00e5lfilt jag sj\u00e4lv anv\u00e4nder.<\/span><\/span><\/p>\n<p class=\"MsoNormal\" style=\"margin: 0cm 0cm 0pt;\"><span style=\"font-family: Arial;\"><span style=\"font-size: small;\">\u00a0<\/span><\/span><\/p>\n<p class=\"MsoNormal\" style=\"margin: 0cm 0cm 0pt;\"><span style=\"font-family: Arial;\"><span style=\"font-size: small;\">Nu v\u00e4ljer jag att avsluta mitt bloggande under Kravallsl\u00f6jds vecka med Gotlandstema. S\u00e5 mycket \u201dGotland\u201d har det kanske inte blivit \u2013 och kanske inte s\u00e5 mycket \u201dsl\u00f6jd\u201d heller\u2026 Men jag har antagit att om du \u00e4r inne p\u00e5 Kravallsl\u00f6jds hemsida s\u00e5 brinner du f\u00f6r sl\u00f6jd p\u00e5 n\u00e5got vis, och jag har beskrivit litet av vad JAG g\u00f6r f\u00f6r att kunna forts\u00e4tta \u201dhantverka\u201d och sl\u00f6jda. Jag hoppas att n\u00e5got av det jag skrivit har gett dig id\u00e9er om hur du ska kunna forts\u00e4tta g\u00f6ra detsamma! Tack f\u00f6r att du l\u00e4st \u2013 jag hoppas att vi h\u00f6rs och ses n\u00e5gon g\u00e5ng!<\/span><\/span><\/p>\n","protected":false},"excerpt":{"rendered":"<p>Ig\u00e5r var det fredag, jag var tr\u00f6tt i huvudet och k\u00e4nde en massa \u201dborde\u201d inf\u00f6r helgen. Jag hade beslutat att det skulle vara den sista av mina kravallsl\u00f6jdsbloggardagar men hade inte en id\u00e9 om vad jag skulle skriva om. I morse var det litet l\u00e4ttare att komma ig\u00e5ng n\u00e4r jag drog jag mig till minnes [&hellip;]<\/p>\n","protected":false},"author":78,"featured_media":0,"comment_status":"open","ping_status":"open","sticky":false,"template":"","format":"standard","meta":[],"categories":[146],"tags":[],"_links":{"self":[{"href":"https:\/\/kravallslojd.se\/wordpress\/index.php?rest_route=\/wp\/v2\/posts\/1617"}],"collection":[{"href":"https:\/\/kravallslojd.se\/wordpress\/index.php?rest_route=\/wp\/v2\/posts"}],"about":[{"href":"https:\/\/kravallslojd.se\/wordpress\/index.php?rest_route=\/wp\/v2\/types\/post"}],"author":[{"embeddable":true,"href":"https:\/\/kravallslojd.se\/wordpress\/index.php?rest_route=\/wp\/v2\/users\/78"}],"replies":[{"embeddable":true,"href":"https:\/\/kravallslojd.se\/wordpress\/index.php?rest_route=%2Fwp%2Fv2%2Fcomments&post=1617"}],"version-history":[{"count":1,"href":"https:\/\/kravallslojd.se\/wordpress\/index.php?rest_route=\/wp\/v2\/posts\/1617\/revisions"}],"predecessor-version":[{"id":1618,"href":"https:\/\/kravallslojd.se\/wordpress\/index.php?rest_route=\/wp\/v2\/posts\/1617\/revisions\/1618"}],"wp:attachment":[{"href":"https:\/\/kravallslojd.se\/wordpress\/index.php?rest_route=%2Fwp%2Fv2%2Fmedia&parent=1617"}],"wp:term":[{"taxonomy":"category","embeddable":true,"href":"https:\/\/kravallslojd.se\/wordpress\/index.php?rest_route=%2Fwp%2Fv2%2Fcategories&post=1617"},{"taxonomy":"post_tag","embeddable":true,"href":"https:\/\/kravallslojd.se\/wordpress\/index.php?rest_route=%2Fwp%2Fv2%2Ftags&post=1617"}],"curies":[{"name":"wp","href":"https:\/\/api.w.org\/{rel}","templated":true}]}}