{"id":1854,"date":"2009-08-10T21:01:27","date_gmt":"2009-08-10T20:01:27","guid":{"rendered":"http:\/\/kravallslojd.se\/wordpress\/?p=1854"},"modified":"2009-08-10T21:01:27","modified_gmt":"2009-08-10T20:01:27","slug":"1854","status":"publish","type":"post","link":"https:\/\/kravallslojd.se\/wordpress\/?p=1854","title":{"rendered":""},"content":{"rendered":"<p>Jag heter Beth Moen och jag ska blogga den h\u00e4r veckan. Blogga har jag aldrig gjort f\u00f6rut. N\u00e4r jag t\u00e4nker p\u00e5 blogga t\u00e4nker jag p\u00e5 Carl Bildt, han bloggar, det vet jag, os\u00f6kt t\u00e4nker jag p\u00e5 om Calle sl\u00f6jdar ocks\u00e5, och vad han i s\u00e5 fall g\u00f6r. Knyppla borde passa, l\u00e4tt att ta med sig p\u00e5 resor och skr\u00e4par heller inte s\u00e5 mycket. Om alla Eu- parlamentariker skulle sl\u00f6jda p\u00e5 sina resor skulle vi d\u00e5 f\u00e5 en annorlunda Eu- politik?\u00a0 Kanske skulle man bromsa hjulen n\u00e5got och inse att konsumtion inte \u00e4r den enda v\u00e4gen till v\u00e4lf\u00e4rd. Det \u00e4r en paradox att vi ska konsumera oss ur krisen samtidigt som jorden bl\u00f6der. Allt man tillverkar \u00e5t sig sj\u00e4lv och till sin n\u00e4ra omgivning \u00e4r politiska handlingar, som g\u00f6r att vi t\u00e4r en liten smula mindre p\u00e5 jordens resurser. Dessutom st\u00e4rks sj\u00e4lvk\u00e4nslan och kreativiteten, det \u00e4r h\u00e4rligt att r\u00e4fsa gr\u00e4s med en egen tillverkad r\u00e4fsa, hyvla med en egen tillverkad hyvel mm. Att s\u00f6ka i sin egen omgivning efter \u00e4mnen, skrot eller s\u00e5nt som andra sl\u00e4ngt och g\u00f6ra n\u00e5got som g\u00e5r att anv\u00e4nda eller som bara \u00e4r vackert. Det \u00e4r stort tycker jag.<img decoding=\"async\" src=\"\/\/F5BD71AE-5A6D-49FB-812A-0ED3297671E2\/image.pict\" alt=\"\" \/><\/p>\n<p>Jag var p\u00e5 Gotland f\u00f6rra veckan och s\u00e5g en kreativitet hos m\u00e5nga konstn\u00e4rer och konsthantverkare som var j\u00e4vligt inspirerande. \u00a0\u201dSt\u00e5vila\u201d under byggnad, mycket avslappnande att vila sej p\u00e5 (borde ha en hemma) Konstn\u00e4r Benedictus Carling . Man\u00a0 st\u00e5r p\u00e5 den lilla plattan och lutar sej mot br\u00e4derna som sviktar mjukt bak\u00e5t.<\/p>\n","protected":false},"excerpt":{"rendered":"<p>Jag heter Beth Moen och jag ska blogga den h\u00e4r veckan. Blogga har jag aldrig gjort f\u00f6rut. N\u00e4r jag t\u00e4nker p\u00e5 blogga t\u00e4nker jag p\u00e5 Carl Bildt, han bloggar, det vet jag, os\u00f6kt t\u00e4nker jag p\u00e5 om Calle sl\u00f6jdar ocks\u00e5, och vad han i s\u00e5 fall g\u00f6r. Knyppla borde passa, l\u00e4tt att ta med sig [&hellip;]<\/p>\n","protected":false},"author":87,"featured_media":0,"comment_status":"open","ping_status":"open","sticky":false,"template":"","format":"standard","meta":[],"categories":[167],"tags":[138],"_links":{"self":[{"href":"https:\/\/kravallslojd.se\/wordpress\/index.php?rest_route=\/wp\/v2\/posts\/1854"}],"collection":[{"href":"https:\/\/kravallslojd.se\/wordpress\/index.php?rest_route=\/wp\/v2\/posts"}],"about":[{"href":"https:\/\/kravallslojd.se\/wordpress\/index.php?rest_route=\/wp\/v2\/types\/post"}],"author":[{"embeddable":true,"href":"https:\/\/kravallslojd.se\/wordpress\/index.php?rest_route=\/wp\/v2\/users\/87"}],"replies":[{"embeddable":true,"href":"https:\/\/kravallslojd.se\/wordpress\/index.php?rest_route=%2Fwp%2Fv2%2Fcomments&post=1854"}],"version-history":[{"count":1,"href":"https:\/\/kravallslojd.se\/wordpress\/index.php?rest_route=\/wp\/v2\/posts\/1854\/revisions"}],"predecessor-version":[{"id":1855,"href":"https:\/\/kravallslojd.se\/wordpress\/index.php?rest_route=\/wp\/v2\/posts\/1854\/revisions\/1855"}],"wp:attachment":[{"href":"https:\/\/kravallslojd.se\/wordpress\/index.php?rest_route=%2Fwp%2Fv2%2Fmedia&parent=1854"}],"wp:term":[{"taxonomy":"category","embeddable":true,"href":"https:\/\/kravallslojd.se\/wordpress\/index.php?rest_route=%2Fwp%2Fv2%2Fcategories&post=1854"},{"taxonomy":"post_tag","embeddable":true,"href":"https:\/\/kravallslojd.se\/wordpress\/index.php?rest_route=%2Fwp%2Fv2%2Ftags&post=1854"}],"curies":[{"name":"wp","href":"https:\/\/api.w.org\/{rel}","templated":true}]}}