{"id":1857,"date":"2009-08-13T08:50:13","date_gmt":"2009-08-13T07:50:13","guid":{"rendered":"http:\/\/kravallslojd.se\/wordpress\/?p=1857"},"modified":"2009-08-13T08:50:13","modified_gmt":"2009-08-13T07:50:13","slug":"1857","status":"publish","type":"post","link":"https:\/\/kravallslojd.se\/wordpress\/?p=1857","title":{"rendered":""},"content":{"rendered":"<p><strong><\/p>\n<p><div id=\"attachment_1859\" style=\"width: 160px\" class=\"wp-caption alignnone\"><img aria-describedby=\"caption-attachment-1859\" decoding=\"async\" loading=\"lazy\" class=\"size-thumbnail wp-image-1859\" src=\"http:\/\/kravallslojd.se\/wordpress\/wp-content\/uploads\/2009\/08\/IMG_3892-150x150.jpg\" alt=\"Dalah\u00e4st i k\u00f6ttr\u00e5g av Peter Johansson\" width=\"150\" height=\"150\" \/><p id=\"caption-attachment-1859\" class=\"wp-caption-text\">Dalah\u00e4st i k\u00f6ttr\u00e5g av Peter Johansson<\/p><\/div><\/p>\n<p><div id=\"attachment_1860\" style=\"width: 160px\" class=\"wp-caption alignnone\"><img aria-describedby=\"caption-attachment-1860\" decoding=\"async\" loading=\"lazy\" class=\"size-thumbnail wp-image-1860\" src=\"http:\/\/kravallslojd.se\/wordpress\/wp-content\/uploads\/2009\/08\/IMG_3895-150x150.jpg\" alt=\"Matta av Anna Fj\u00e4llb\u00e4ck och Anne Carlquist\" width=\"150\" height=\"150\" \/><p id=\"caption-attachment-1860\" class=\"wp-caption-text\">Matta av Anna Fj\u00e4llb\u00e4ck och Anne Carlquist<\/p><\/div><\/p>\n<p><div id=\"attachment_1861\" style=\"width: 160px\" class=\"wp-caption alignnone\"><img aria-describedby=\"caption-attachment-1861\" decoding=\"async\" loading=\"lazy\" class=\"size-thumbnail wp-image-1861\" src=\"http:\/\/kravallslojd.se\/wordpress\/wp-content\/uploads\/2009\/08\/IMG_3893-150x150.jpg\" alt=\"Tuttulsm\u00f6rare av \u00c5sa Luthman\" width=\"150\" height=\"150\" \/><p id=\"caption-attachment-1861\" class=\"wp-caption-text\">Tuttulsm\u00f6rare av \u00c5sa Luthman<\/p><\/div><\/p>\n<p>H\u00e4star<\/strong><\/p>\n<p>R\u00e4ttviks konsthall\u00a0 har denna sommar en utst\u00e4llning vid namn R\u00f6tter i Dalarna, det \u00e4r ganska varierad och mysig utst\u00e4llning med\u00a0 olika material, f\u00e4rger och uttryck. I ena h\u00f6rnet av lokalen st\u00e4lls olika varianter av dalah\u00e4sten ut . Dalah\u00e4sten verkar vara en outslitlig symbol, man kan s\u00e5ga den i skivor och l\u00e4gga den k\u00f6ttr\u00e5g med plast runt, man kan fl\u00e5 den och g\u00f6ra en matta av den,\u00a0 man kan vika den i papper ( om man \u00e4r japan) , man kan ha den som symbol p\u00e5 allt m\u00f6jligt t.ex tuttulsm\u00f6rare \u00a0alla k\u00e4nner igen en h\u00e4st.<\/p>\n<p>Sj\u00e4lv ska jag ut och jobba med v\u00e5r h\u00e4st, en t\u00e4ljh\u00e4st som vi kallar \u201dGr\u00e5ben\u201d vi g\u00f6r s\u00e5 m\u00e5nga vi hinner, efterfr\u00e5gan \u00e4r stor. Den som k\u00f6per en t\u00e4ljh\u00e4st sl\u00f6jdar sj\u00e4lv, har kurser eller \u00e4r l\u00e4rare. Det \u00e4r en bra k\u00e4nsla att g\u00f6ra en produkt som uppmuntrar till mera sl\u00f6jdande.<\/p>\n<p>Det s\u00e4gs att det aldrig funnits s\u00e5 m\u00e5nga h\u00e4star i Sverige som nu. Jag undrar om t\u00e4ljh\u00e4star r\u00e4knas.<\/p>\n<p>\u00a0<\/p>\n<p><div id=\"attachment_1856\" style=\"width: 160px\" class=\"wp-caption alignnone\"><a target=\"_blank\" href=\"http:\/\/www.norea.nu\" ><img aria-describedby=\"caption-attachment-1856\" decoding=\"async\" loading=\"lazy\" class=\"size-thumbnail wp-image-1856\" src=\"http:\/\/kravallslojd.se\/wordpress\/wp-content\/uploads\/2009\/08\/IMG_3879-150x150.jpg\" alt=\"Gr\u00e5ben och vi \" width=\"150\" height=\"150\" \/><\/a><p id=\"caption-attachment-1856\" class=\"wp-caption-text\">Gr\u00e5ben och vi <\/p><\/div><\/p>\n","protected":false},"excerpt":{"rendered":"<p>H\u00e4star R\u00e4ttviks konsthall\u00a0 har denna sommar en utst\u00e4llning vid namn R\u00f6tter i Dalarna, det \u00e4r ganska varierad och mysig utst\u00e4llning med\u00a0 olika material, f\u00e4rger och uttryck. I ena h\u00f6rnet av lokalen st\u00e4lls olika varianter av dalah\u00e4sten ut . Dalah\u00e4sten verkar vara en outslitlig symbol, man kan s\u00e5ga den i skivor och l\u00e4gga den k\u00f6ttr\u00e5g med [&hellip;]<\/p>\n","protected":false},"author":87,"featured_media":0,"comment_status":"open","ping_status":"open","sticky":false,"template":"","format":"standard","meta":[],"categories":[167],"tags":[],"_links":{"self":[{"href":"https:\/\/kravallslojd.se\/wordpress\/index.php?rest_route=\/wp\/v2\/posts\/1857"}],"collection":[{"href":"https:\/\/kravallslojd.se\/wordpress\/index.php?rest_route=\/wp\/v2\/posts"}],"about":[{"href":"https:\/\/kravallslojd.se\/wordpress\/index.php?rest_route=\/wp\/v2\/types\/post"}],"author":[{"embeddable":true,"href":"https:\/\/kravallslojd.se\/wordpress\/index.php?rest_route=\/wp\/v2\/users\/87"}],"replies":[{"embeddable":true,"href":"https:\/\/kravallslojd.se\/wordpress\/index.php?rest_route=%2Fwp%2Fv2%2Fcomments&post=1857"}],"version-history":[{"count":2,"href":"https:\/\/kravallslojd.se\/wordpress\/index.php?rest_route=\/wp\/v2\/posts\/1857\/revisions"}],"predecessor-version":[{"id":1862,"href":"https:\/\/kravallslojd.se\/wordpress\/index.php?rest_route=\/wp\/v2\/posts\/1857\/revisions\/1862"}],"wp:attachment":[{"href":"https:\/\/kravallslojd.se\/wordpress\/index.php?rest_route=%2Fwp%2Fv2%2Fmedia&parent=1857"}],"wp:term":[{"taxonomy":"category","embeddable":true,"href":"https:\/\/kravallslojd.se\/wordpress\/index.php?rest_route=%2Fwp%2Fv2%2Fcategories&post=1857"},{"taxonomy":"post_tag","embeddable":true,"href":"https:\/\/kravallslojd.se\/wordpress\/index.php?rest_route=%2Fwp%2Fv2%2Ftags&post=1857"}],"curies":[{"name":"wp","href":"https:\/\/api.w.org\/{rel}","templated":true}]}}