{"id":1881,"date":"2009-08-18T19:13:10","date_gmt":"2009-08-18T18:13:10","guid":{"rendered":"http:\/\/kravallslojd.se\/wordpress\/?p=1881"},"modified":"2009-08-18T19:13:10","modified_gmt":"2009-08-18T18:13:10","slug":"hantverkslaboratorium-i-mariestad","status":"publish","type":"post","link":"https:\/\/kravallslojd.se\/wordpress\/?p=1881","title":{"rendered":"Hantverkslaboratorium i Mariestad"},"content":{"rendered":"<p>Idag har jag och tre av mina konsulentkollegor varit p\u00e5 da Capo i Mariestad (som inte heter da Capo l\u00e4ngre utan\u00a0 Institutionen f\u00f6r kulturv\u00e5rd vid G\u00f6teborgs universitet) p\u00e5 en diskussionsdag om ett t\u00e4nkt Hantverkslaboratorium som ska byggas upp d\u00e4r. F\u00f6rhoppningsvis kommer det att vara i g\u00e5ng redan n\u00e4sta \u00e5r om finansiering \u00e4r klar tills dess. Skolan har inriktning mot bygghantverk, tr\u00e4dg\u00e5rd och odling samt landskapsv\u00e5rd och har funnits sedan 1997 i Mariestad och hantverkslaboratoriet \u00e4r t\u00e4nkt som en &#8221;expertorganisation f\u00f6r hantverkstradition som \u00e4r kopplad mot kulturv\u00e5rdens praktik&#8221;.<\/p>\n<p>Under h\u00f6sten har jag redan m\u00e5nga dagar inbokade och de flesta best\u00e5r i att resa runt och tr\u00e4ffa folk, s\u00e4tta sig in i vad som finns inom Skaraborg\/V\u00e4stra G\u00f6taland och vad som h\u00e4nder inom hemsl\u00f6jdsomr\u00e5det just nu. Detta k\u00e4ndes som en s\u00e5dan &#8221;s\u00e4tta sig in i&#8221;-dag. Jag har inte n\u00e5gon skolning i byggnadsv\u00e5rd och hade inte s\u00e5 mycket att tillf\u00f6ra i diskussionerna men det k\u00e4nns viktigt att veta om vad som h\u00e4nder f\u00f6r att kunna ber\u00e4tta om jag tr\u00e4ffar andra som \u00e4r intresserade. Sen \u00e4r det ju v\u00e4ldigt kul att h\u00f6ra p\u00e5 professionella personer som pratar utifr\u00e5n det som de arbetar med.<\/p>\n<p>Dessv\u00e4rre kan jag nog inte s\u00e4ga vad Hantverkslaboratoriet kommer att vara (om nu n\u00e5gon kan det \u00e4n) men det ska bli sp\u00e4nnande att f\u00f6lja vad som h\u00e4nder d\u00e4r fr\u00e5n n\u00e4sta \u00e5r och fram\u00e5t.<\/p>\n<p>Ett nytt fint ord har jag l\u00e4rt mig idag och det \u00e4r <strong>hantverklig<\/strong>. Kanske \u00e4r det en hantverklighet som flera av oss lever i?<\/p>\n<p>F\u00f6r\u00f6vrigt fick jag tidningen \u00c5ter i brevl\u00e5dan idag (d\u00e4r Kravallsl\u00f6jd annonserar i detta nummer). Mycket trevlig tidning som jag nog f\u00e5r b\u00f6rja prenumerera p\u00e5.<\/p>\n","protected":false},"excerpt":{"rendered":"<p>Idag har jag och tre av mina konsulentkollegor varit p\u00e5 da Capo i Mariestad (som inte heter da Capo l\u00e4ngre utan\u00a0 Institutionen f\u00f6r kulturv\u00e5rd vid G\u00f6teborgs universitet) p\u00e5 en diskussionsdag om ett t\u00e4nkt Hantverkslaboratorium som ska byggas upp d\u00e4r. F\u00f6rhoppningsvis kommer det att vara i g\u00e5ng redan n\u00e4sta \u00e5r om finansiering \u00e4r klar tills dess. [&hellip;]<\/p>\n","protected":false},"author":20,"featured_media":0,"comment_status":"open","ping_status":"open","sticky":false,"template":"","format":"standard","meta":[],"categories":[73],"tags":[],"_links":{"self":[{"href":"https:\/\/kravallslojd.se\/wordpress\/index.php?rest_route=\/wp\/v2\/posts\/1881"}],"collection":[{"href":"https:\/\/kravallslojd.se\/wordpress\/index.php?rest_route=\/wp\/v2\/posts"}],"about":[{"href":"https:\/\/kravallslojd.se\/wordpress\/index.php?rest_route=\/wp\/v2\/types\/post"}],"author":[{"embeddable":true,"href":"https:\/\/kravallslojd.se\/wordpress\/index.php?rest_route=\/wp\/v2\/users\/20"}],"replies":[{"embeddable":true,"href":"https:\/\/kravallslojd.se\/wordpress\/index.php?rest_route=%2Fwp%2Fv2%2Fcomments&post=1881"}],"version-history":[{"count":1,"href":"https:\/\/kravallslojd.se\/wordpress\/index.php?rest_route=\/wp\/v2\/posts\/1881\/revisions"}],"predecessor-version":[{"id":1882,"href":"https:\/\/kravallslojd.se\/wordpress\/index.php?rest_route=\/wp\/v2\/posts\/1881\/revisions\/1882"}],"wp:attachment":[{"href":"https:\/\/kravallslojd.se\/wordpress\/index.php?rest_route=%2Fwp%2Fv2%2Fmedia&parent=1881"}],"wp:term":[{"taxonomy":"category","embeddable":true,"href":"https:\/\/kravallslojd.se\/wordpress\/index.php?rest_route=%2Fwp%2Fv2%2Fcategories&post=1881"},{"taxonomy":"post_tag","embeddable":true,"href":"https:\/\/kravallslojd.se\/wordpress\/index.php?rest_route=%2Fwp%2Fv2%2Ftags&post=1881"}],"curies":[{"name":"wp","href":"https:\/\/api.w.org\/{rel}","templated":true}]}}