{"id":1897,"date":"2009-08-20T09:56:13","date_gmt":"2009-08-20T08:56:13","guid":{"rendered":"http:\/\/kravallslojd.se\/wordpress\/?p=1897"},"modified":"2009-08-20T09:56:13","modified_gmt":"2009-08-20T08:56:13","slug":"slojdkonsulenterna-pa-facebook","status":"publish","type":"post","link":"https:\/\/kravallslojd.se\/wordpress\/?p=1897","title":{"rendered":"Sl\u00f6jdkonsulenterna p\u00e5 facebook"},"content":{"rendered":"<p>Sedan ig\u00e5r finns sl\u00f6jdkonsulenterna i V\u00e4stra G\u00f6taland p\u00e5 facebook under titeln <strong>Sl\u00f6jd i V\u00e4st<\/strong>. Bli fan och h\u00e5ll dig uppdaterad om vad som h\u00e4nder p\u00e5 den h\u00e4r sidan landet.<\/p>\n<p>Idag ska jag ta en tur till V\u00e4sterg\u00f6tlands museum i Skara f\u00f6r att h\u00e4mta min dator som har vilat sig d\u00e4r under sommaren, sedan blir det formulering av inbjudan till ett seminarium p\u00e5 Steneby den 20 oktober med rubriken &#8221;\u00c4r sl\u00f6jd och hantverk h\u00e5llbart?&#8221; L\u00e4s mer om det om n\u00e5gon vecka p\u00e5 <strong>www.hemslojd.se<\/strong> Bra fr\u00e5gest\u00e4llning som beh\u00f6ver diskuteras och kommuniceras!<\/p>\n<p>Hej s\u00e5 l\u00e4nge<\/p>\n","protected":false},"excerpt":{"rendered":"<p>Sedan ig\u00e5r finns sl\u00f6jdkonsulenterna i V\u00e4stra G\u00f6taland p\u00e5 facebook under titeln Sl\u00f6jd i V\u00e4st. Bli fan och h\u00e5ll dig uppdaterad om vad som h\u00e4nder p\u00e5 den h\u00e4r sidan landet. Idag ska jag ta en tur till V\u00e4sterg\u00f6tlands museum i Skara f\u00f6r att h\u00e4mta min dator som har vilat sig d\u00e4r under sommaren, sedan blir det [&hellip;]<\/p>\n","protected":false},"author":20,"featured_media":0,"comment_status":"open","ping_status":"open","sticky":false,"template":"","format":"standard","meta":[],"categories":[73],"tags":[],"_links":{"self":[{"href":"https:\/\/kravallslojd.se\/wordpress\/index.php?rest_route=\/wp\/v2\/posts\/1897"}],"collection":[{"href":"https:\/\/kravallslojd.se\/wordpress\/index.php?rest_route=\/wp\/v2\/posts"}],"about":[{"href":"https:\/\/kravallslojd.se\/wordpress\/index.php?rest_route=\/wp\/v2\/types\/post"}],"author":[{"embeddable":true,"href":"https:\/\/kravallslojd.se\/wordpress\/index.php?rest_route=\/wp\/v2\/users\/20"}],"replies":[{"embeddable":true,"href":"https:\/\/kravallslojd.se\/wordpress\/index.php?rest_route=%2Fwp%2Fv2%2Fcomments&post=1897"}],"version-history":[{"count":1,"href":"https:\/\/kravallslojd.se\/wordpress\/index.php?rest_route=\/wp\/v2\/posts\/1897\/revisions"}],"predecessor-version":[{"id":1898,"href":"https:\/\/kravallslojd.se\/wordpress\/index.php?rest_route=\/wp\/v2\/posts\/1897\/revisions\/1898"}],"wp:attachment":[{"href":"https:\/\/kravallslojd.se\/wordpress\/index.php?rest_route=%2Fwp%2Fv2%2Fmedia&parent=1897"}],"wp:term":[{"taxonomy":"category","embeddable":true,"href":"https:\/\/kravallslojd.se\/wordpress\/index.php?rest_route=%2Fwp%2Fv2%2Fcategories&post=1897"},{"taxonomy":"post_tag","embeddable":true,"href":"https:\/\/kravallslojd.se\/wordpress\/index.php?rest_route=%2Fwp%2Fv2%2Ftags&post=1897"}],"curies":[{"name":"wp","href":"https:\/\/api.w.org\/{rel}","templated":true}]}}