{"id":1899,"date":"2009-08-21T18:36:14","date_gmt":"2009-08-21T17:36:14","guid":{"rendered":"http:\/\/kravallslojd.se\/wordpress\/?p=1899"},"modified":"2009-08-21T18:36:14","modified_gmt":"2009-08-21T17:36:14","slug":"och-nu-till-reklam","status":"publish","type":"post","link":"https:\/\/kravallslojd.se\/wordpress\/?p=1899","title":{"rendered":"Och nu till reklam&#8230;"},"content":{"rendered":"<p>Regning fredagkv\u00e4ll med en t\u00e4nkt uppsalaweekend som inte blev av och en granne som \u00f6var gitarrackord. K\u00e4nns s\u00e5d\u00e4r&#8230; Har dessutom slagits med nya (l\u00e4s gamla) datorn idag och f\u00f6rs\u00f6kt f\u00f6rst\u00e5 hur hon t\u00e4nker. Det tar nog ett tag innan vi blir v\u00e4nner. Jag t\u00e4nkte iaf ta tillf\u00e4llet i akt att g\u00f6ra lite reklam f\u00f6r n\u00e5gra saker som h\u00e4nder i Sk\u00f6vde med omnejd h\u00f6sten 2009.<\/p>\n<p>28 aug, under matfestivalen, jobbar jag fr\u00e5n Sl\u00f6jdens Hus i Sk\u00f6vde. Kom in och s\u00e4g hej!<\/p>\n<p>2 sept finns jag tillsammans med NBV p\u00e5 h\u00f6gskolan i Sk\u00f6vde och visar upp\/har workshop f\u00f6r alla nyligen hemifr\u00e5nflyttade. Behovssl\u00f6jda det som beh\u00f6vs i nya hemmet, disktrasor, virkade \u00f6lburksunderl\u00e4gg, sm\u00f6rkniv och annat nyttigt.<\/p>\n<p>4-5 sept \u00e4r det f\u00f6rsta av tre sl\u00f6jdtr\u00e4ffar f\u00f6r unga som vi arrangerar i h\u00f6st. Smide, n\u00e5lbindning och kl\u00e4ds\u00f6mnad st\u00e5r p\u00e5 programmet. I Fornbyn, Skara. De andra tr\u00e4ffarna \u00e4r 2-3 oktober samt 6-7 november i Sk\u00f6vde. Anm\u00e4lan till f\u00f6rsta tr\u00e4ffen \u00e4n fredag 30 aug. L\u00e4s mer p\u00e5 www.hemslojd.se<\/p>\n<p>P\u00e5 Bok- och biblioteksm\u00e4ssan i G\u00f6teborg 24-27 sept finns vi konsulenter tillsammans med Hemsl\u00f6jdens f\u00f6rlag och tidskriften Hemsl\u00f6jden i monter D04:20. Mycket sticking blir det d\u00e4r eftersom det nyss kommit ut tv\u00e5 helt nya stickb\u00f6cker.<\/p>\n<p>20 okt \u00e4r det ett seminarium p\u00e5 Stenebyskolan om H\u00e5llbar utveckling. Kommer nog att bli riktigt intressant. L\u00e4s mer p\u00e5 www.hemslojd.se<\/p>\n<p>I helgen ska jag ber\u00e4tta f\u00f6r er varf\u00f6r sl\u00f6jd \u00e4r s\u00e5 j\u00e4kla bra!<\/p>\n","protected":false},"excerpt":{"rendered":"<p>Regning fredagkv\u00e4ll med en t\u00e4nkt uppsalaweekend som inte blev av och en granne som \u00f6var gitarrackord. K\u00e4nns s\u00e5d\u00e4r&#8230; Har dessutom slagits med nya (l\u00e4s gamla) datorn idag och f\u00f6rs\u00f6kt f\u00f6rst\u00e5 hur hon t\u00e4nker. Det tar nog ett tag innan vi blir v\u00e4nner. Jag t\u00e4nkte iaf ta tillf\u00e4llet i akt att g\u00f6ra lite reklam f\u00f6r n\u00e5gra [&hellip;]<\/p>\n","protected":false},"author":20,"featured_media":0,"comment_status":"open","ping_status":"open","sticky":false,"template":"","format":"standard","meta":[],"categories":[73],"tags":[],"_links":{"self":[{"href":"https:\/\/kravallslojd.se\/wordpress\/index.php?rest_route=\/wp\/v2\/posts\/1899"}],"collection":[{"href":"https:\/\/kravallslojd.se\/wordpress\/index.php?rest_route=\/wp\/v2\/posts"}],"about":[{"href":"https:\/\/kravallslojd.se\/wordpress\/index.php?rest_route=\/wp\/v2\/types\/post"}],"author":[{"embeddable":true,"href":"https:\/\/kravallslojd.se\/wordpress\/index.php?rest_route=\/wp\/v2\/users\/20"}],"replies":[{"embeddable":true,"href":"https:\/\/kravallslojd.se\/wordpress\/index.php?rest_route=%2Fwp%2Fv2%2Fcomments&post=1899"}],"version-history":[{"count":1,"href":"https:\/\/kravallslojd.se\/wordpress\/index.php?rest_route=\/wp\/v2\/posts\/1899\/revisions"}],"predecessor-version":[{"id":1900,"href":"https:\/\/kravallslojd.se\/wordpress\/index.php?rest_route=\/wp\/v2\/posts\/1899\/revisions\/1900"}],"wp:attachment":[{"href":"https:\/\/kravallslojd.se\/wordpress\/index.php?rest_route=%2Fwp%2Fv2%2Fmedia&parent=1899"}],"wp:term":[{"taxonomy":"category","embeddable":true,"href":"https:\/\/kravallslojd.se\/wordpress\/index.php?rest_route=%2Fwp%2Fv2%2Fcategories&post=1899"},{"taxonomy":"post_tag","embeddable":true,"href":"https:\/\/kravallslojd.se\/wordpress\/index.php?rest_route=%2Fwp%2Fv2%2Ftags&post=1899"}],"curies":[{"name":"wp","href":"https:\/\/api.w.org\/{rel}","templated":true}]}}