{"id":1953,"date":"2009-09-14T08:16:34","date_gmt":"2009-09-14T07:16:34","guid":{"rendered":"http:\/\/kravallslojd.se\/wordpress\/?p=1953"},"modified":"2009-09-14T08:16:34","modified_gmt":"2009-09-14T07:16:34","slug":"handarbeta-for-en-battre-varld","status":"publish","type":"post","link":"https:\/\/kravallslojd.se\/wordpress\/?p=1953","title":{"rendered":"Handarbeta f\u00f6r en b\u00e4ttre v\u00e4rld"},"content":{"rendered":"<p><div id=\"attachment_1954\" style=\"width: 223px\" class=\"wp-caption alignnone\"><img aria-describedby=\"caption-attachment-1954\" decoding=\"async\" loading=\"lazy\" class=\"size-full wp-image-1954\" src=\"http:\/\/kravallslojd.se\/wordpress\/wp-content\/uploads\/2009\/09\/handmade_logo1.jpg\" alt=\"Knapp av Amy Canadien\" width=\"213\" height=\"251\"><p id=\"caption-attachment-1954\" class=\"wp-caption-text\">Knapp av Amy Canadien<\/p><\/div><\/p>\n<p>P&Atilde;&yen; l&Atilde;&para;rdag blir det invigning. Sl&Atilde;&para;jd, konsthantverk, konst och en hel del mittemellan. Politik, och &Atilde;&yen;sikter, b&Atilde;&yen;de medvetna och trevande, &Atilde;&yen;sikter, livsfilosofier och saker som helt enkelt bara &Atilde;&curren;r. Det ska bli hur kul som helst n&Atilde;&curren;r det v&Atilde;&curren;l st&Atilde;&yen;r f&Atilde;&curren;rdigt f&Atilde;&para;r d&Atilde;&yen; &Atilde;&curren;r det inte bara klart utan d&Atilde;&yen; b&Atilde;&para;rjar ocks&Atilde;&yen; allt det andra: &Atilde;&para;ppna verkst&Atilde;&curren;der, kurser, f&Atilde;&para;rel&Atilde;&curren;sningar&acirc;&#128;&brvbar; &Acirc;&nbsp;Det &Atilde;&curren;r hur mycket som helst att t&Atilde;&curren;nka p&Atilde;&yen; n&Atilde;&curren;r man bygger stora utst&Atilde;&curren;llningar&acirc;&#128;&brvbar; P&Atilde;&yen; l&Atilde;&para;rdag kommer Ted Hesselbom fr&Atilde;&yen;n R&Atilde;&para;hsska och Kerstin Andersson &Atilde;&#133;hlin och talar&acirc;&#128;&brvbar;. Dessutom har vi en hemlighet. Det kommer n&Atilde;&yen;gra andra ocks&Atilde;&yen;. Men det &Atilde;&curren;r hemligt som sagt&acirc;&#128;&brvbar;<\/p>\n","protected":false},"excerpt":{"rendered":"<p>P&Atilde;&yen; l&Atilde;&para;rdag blir det invigning. Sl&Atilde;&para;jd, konsthantverk, konst och en hel del mittemellan. Politik, och &Atilde;&yen;sikter, b&Atilde;&yen;de medvetna och trevande, &Atilde;&yen;sikter, livsfilosofier och saker som helt enkelt bara &Atilde;&curren;r. Det ska bli hur kul som helst n&Atilde;&curren;r det v&Atilde;&curren;l st&Atilde;&yen;r f&Atilde;&curren;rdigt f&Atilde;&para;r d&Atilde;&yen; &Atilde;&curren;r det inte bara klart utan d&Atilde;&yen; b&Atilde;&para;rjar ocks&Atilde;&yen; allt det andra: [&hellip;]<\/p>\n","protected":false},"author":91,"featured_media":0,"comment_status":"open","ping_status":"open","sticky":false,"template":"","format":"standard","meta":[],"categories":[168],"tags":[],"_links":{"self":[{"href":"https:\/\/kravallslojd.se\/wordpress\/index.php?rest_route=\/wp\/v2\/posts\/1953"}],"collection":[{"href":"https:\/\/kravallslojd.se\/wordpress\/index.php?rest_route=\/wp\/v2\/posts"}],"about":[{"href":"https:\/\/kravallslojd.se\/wordpress\/index.php?rest_route=\/wp\/v2\/types\/post"}],"author":[{"embeddable":true,"href":"https:\/\/kravallslojd.se\/wordpress\/index.php?rest_route=\/wp\/v2\/users\/91"}],"replies":[{"embeddable":true,"href":"https:\/\/kravallslojd.se\/wordpress\/index.php?rest_route=%2Fwp%2Fv2%2Fcomments&post=1953"}],"version-history":[{"count":3,"href":"https:\/\/kravallslojd.se\/wordpress\/index.php?rest_route=\/wp\/v2\/posts\/1953\/revisions"}],"predecessor-version":[{"id":1957,"href":"https:\/\/kravallslojd.se\/wordpress\/index.php?rest_route=\/wp\/v2\/posts\/1953\/revisions\/1957"}],"wp:attachment":[{"href":"https:\/\/kravallslojd.se\/wordpress\/index.php?rest_route=%2Fwp%2Fv2%2Fmedia&parent=1953"}],"wp:term":[{"taxonomy":"category","embeddable":true,"href":"https:\/\/kravallslojd.se\/wordpress\/index.php?rest_route=%2Fwp%2Fv2%2Fcategories&post=1953"},{"taxonomy":"post_tag","embeddable":true,"href":"https:\/\/kravallslojd.se\/wordpress\/index.php?rest_route=%2Fwp%2Fv2%2Ftags&post=1953"}],"curies":[{"name":"wp","href":"https:\/\/api.w.org\/{rel}","templated":true}]}}