{"id":2060,"date":"2009-10-02T19:39:39","date_gmt":"2009-10-02T18:39:39","guid":{"rendered":"http:\/\/kravallslojd.se\/wordpress\/?p=2060"},"modified":"2009-10-02T19:39:39","modified_gmt":"2009-10-02T18:39:39","slug":"kontakt","status":"publish","type":"post","link":"https:\/\/kravallslojd.se\/wordpress\/?p=2060","title":{"rendered":"Kontakt"},"content":{"rendered":"<p>Tisdag och onsdag passerade i ett f\u00f6rberedande och genomf\u00f6rande av sl\u00f6jdaktiviteter. Ett st\u00e4ndigt sammanf\u00f6rande av unga kreativa individer med sm\u00e5 inslag av \u00e4ldre mer erfarna sl\u00f6jdare. Det \u00e4r min arbetsmodell. Ibland blir det kontakt s\u00e5 det gnistrar. Det \u00e4r otroligt inspirerande. Ibland h\u00e4nder inget. Det f\u00e5r man ta.<\/p>\n<p>Link\u00f6pings kulturfest City Art Link invigdes p\u00e5 torsdagen med tal och smakprov vad som kommer under de n\u00e4rmaste dagarna. P\u00e5 Hemsl\u00f6jden \u00e4r det vernissage p\u00e5 en ny utst\u00e4llning i Sl\u00f6jdgalleriet. Sen soppcaf\u00e9 och workshop med pappersblommor. M\u00e5nga bekanta ansikten i vimlet. Fullsatt kring fr\u00f6ken N vid workshopbordet. M\u00e4nniskor m\u00f6ts i g\u00f6randet och har en trevlig stund. V\u00e4rmen stiger i kroppen.<\/p>\n<p>P\u00e5 fredagen packar jag st\u00f6rsta korgen med sl\u00f6jdmaterial och exempel och drar till Motala. D\u00e4r \u00e4r det ocks\u00e5 kulturdagar med diverse aktiviteter. jag ska sitta p\u00e5 biblioteket och ha en prova-p\u00e5-verkstad f\u00f6r unga. Hoppas p\u00e5 att kunna v\u00e4rva nya deltagare till sl\u00f6jdverkstan d\u00e4r deltagarna \u00e4r f\u00e5 och medel\u00e5ldern lite f\u00f6r h\u00f6g. Medan jag jobbar samlas fyra tjejer i en studentkorridor och bakar bullar till morgondagens caf\u00e9.<\/p>\n<p>V\u00e4rvar en tjej direkt, som sitter l\u00e4nge kvar och syr. Sen kommer barn och f\u00f6r\u00e4ldrar, tre killar som syr armband med d\u00f6dskallar i v\u00e4ntan p\u00e5 fotbollstr\u00e4ningen. Mera ungar fullt kring bordet. Bibliotekspersonalen h\u00e4nger p\u00e5, syr s\u00e5 det ryker. Vi syr reflexer med olika motiv. F\u00f6r\u00e4ldrarna efterlyser Sl\u00f6jdklubben. Vi har ingen grupp ig\u00e5ng just nu eftersom f\u00f6r f\u00e5 har anm\u00e4lt sig. Uppmanar dem att ringa! F\u00e5r iv\u00e4g de sista ungarna en kvart efter st\u00e4ngningsdags och skyfflar ner alla grejer i korgen. Blir utsl\u00e4ppt innan larmet g\u00e5r och k\u00f6r hem.<\/p>\n","protected":false},"excerpt":{"rendered":"<p>Tisdag och onsdag passerade i ett f\u00f6rberedande och genomf\u00f6rande av sl\u00f6jdaktiviteter. Ett st\u00e4ndigt sammanf\u00f6rande av unga kreativa individer med sm\u00e5 inslag av \u00e4ldre mer erfarna sl\u00f6jdare. Det \u00e4r min arbetsmodell. Ibland blir det kontakt s\u00e5 det gnistrar. Det \u00e4r otroligt inspirerande. Ibland h\u00e4nder inget. Det f\u00e5r man ta. Link\u00f6pings kulturfest City Art Link invigdes p\u00e5 [&hellip;]<\/p>\n","protected":false},"author":93,"featured_media":0,"comment_status":"open","ping_status":"open","sticky":false,"template":"","format":"standard","meta":[],"categories":[170],"tags":[],"_links":{"self":[{"href":"https:\/\/kravallslojd.se\/wordpress\/index.php?rest_route=\/wp\/v2\/posts\/2060"}],"collection":[{"href":"https:\/\/kravallslojd.se\/wordpress\/index.php?rest_route=\/wp\/v2\/posts"}],"about":[{"href":"https:\/\/kravallslojd.se\/wordpress\/index.php?rest_route=\/wp\/v2\/types\/post"}],"author":[{"embeddable":true,"href":"https:\/\/kravallslojd.se\/wordpress\/index.php?rest_route=\/wp\/v2\/users\/93"}],"replies":[{"embeddable":true,"href":"https:\/\/kravallslojd.se\/wordpress\/index.php?rest_route=%2Fwp%2Fv2%2Fcomments&post=2060"}],"version-history":[{"count":4,"href":"https:\/\/kravallslojd.se\/wordpress\/index.php?rest_route=\/wp\/v2\/posts\/2060\/revisions"}],"predecessor-version":[{"id":2064,"href":"https:\/\/kravallslojd.se\/wordpress\/index.php?rest_route=\/wp\/v2\/posts\/2060\/revisions\/2064"}],"wp:attachment":[{"href":"https:\/\/kravallslojd.se\/wordpress\/index.php?rest_route=%2Fwp%2Fv2%2Fmedia&parent=2060"}],"wp:term":[{"taxonomy":"category","embeddable":true,"href":"https:\/\/kravallslojd.se\/wordpress\/index.php?rest_route=%2Fwp%2Fv2%2Fcategories&post=2060"},{"taxonomy":"post_tag","embeddable":true,"href":"https:\/\/kravallslojd.se\/wordpress\/index.php?rest_route=%2Fwp%2Fv2%2Ftags&post=2060"}],"curies":[{"name":"wp","href":"https:\/\/api.w.org\/{rel}","templated":true}]}}