{"id":2231,"date":"2009-10-19T13:29:20","date_gmt":"2009-10-19T12:29:20","guid":{"rendered":"http:\/\/kravallslojd.se\/wordpress\/?p=2231"},"modified":"2009-10-19T13:29:20","modified_gmt":"2009-10-19T12:29:20","slug":"2231","status":"publish","type":"post","link":"https:\/\/kravallslojd.se\/wordpress\/?p=2231","title":{"rendered":""},"content":{"rendered":"<p><div id=\"attachment_2232\" style=\"width: 170px\" class=\"wp-caption alignnone\"><\/p>\n<dd>lagom tr\u00f6tt<\/dd>\n<p><img aria-describedby=\"caption-attachment-2232\" decoding=\"async\" loading=\"lazy\" class=\"size-thumbnail wp-image-2232\" src=\"http:\/\/kravallslojd.se\/wordpress\/wp-content\/uploads\/2009\/10\/IMGP1787-150x150.jpg\" alt=\"lagom tr\u00f6tt\" width=\"160\" height=\"150\" \/><\/p>\n<div class=\"mceTemp\">\n<dl>\n<dt><img aria-describedby=\"caption-attachment-2232\" decoding=\"async\" loading=\"lazy\" class=\"size-thumbnail wp-image-2233\" src=\"http:\/\/kravallslojd.se\/wordpress\/wp-content\/uploads\/2009\/10\/IMGP1786-150x150.jpg\" alt=\"praktikant Isaac!\" width=\"150\" height=\"150\" \/><p id=\"caption-attachment-2232\" class=\"wp-caption-text\">praktikant Isaac!<\/p><\/div><\/p>\n<\/dt>\n<\/dl>\n<\/div>\n<p>M\u00e5ndag morgon d\u00e5 \u00e4r jag oftast tr\u00f6tt och f\u00f6rvirrad och idag \u00e4r det inget som sticker ut fr\u00e5n det normala, Hum\u00f6r messigt i alla fall. \u00a0Efter en helg h\u00e4r p\u00e5 bruket d\u00e4r jag har haft mycket att g\u00f6ra och mycket bes\u00f6kare i min atelje, s\u00e5 \u00e4r jag tr\u00f6tt och sliten men v\u00e4ldigt n\u00f6jd. Jag kommer att ha en praktikant denna vecka, Isaac Berkelder \u00e4r en otroligt sk\u00f6n snubbe och jag ska l\u00e4ra honom allt jag kan. Jag har inte kommit underfund om hur jag ska vara som chef kanske str\u00e4ng och peka med hela handen eller sn\u00e4ll och g\u00f6r allt f\u00f6r att Isaac ska ha det s\u00e5 mysigt som m\u00f6jligt. N\u00e5gon av dom f\u00e5r det bli tror jag. Det \u00e4r n\u00e4stan synd att vi k\u00e4nner varandra sen tidigare s\u00e5 det blir en match att f\u00e5 n\u00e5gon form av aktoritet. Men f\u00f6rst s\u00e5 m\u00e5ste jag l\u00e4gga upp veckan p\u00e5 n\u00e5got sett. Jag beh\u00f6ver nog en stor kaffe f\u00f6r att kunna t\u00e4nka n\u00e5got s\u00e5n\u00e4r i alla fall. \u00ad- \u201dIsaac g\u00f6r kaffe\u201d han kommer nog att bli anv\u00e4ndbar. Jag m\u00e5ste f\u00f6rs\u00f6ka t\u00e4nka en liten stund jag skriver snart igen.<\/p>\n","protected":false},"excerpt":{"rendered":"<p>M\u00e5ndag morgon d\u00e5 \u00e4r jag oftast tr\u00f6tt och f\u00f6rvirrad och idag \u00e4r det inget som sticker ut fr\u00e5n det normala, Hum\u00f6r messigt i alla fall. \u00a0Efter en helg h\u00e4r p\u00e5 bruket d\u00e4r jag har haft mycket att g\u00f6ra och mycket bes\u00f6kare i min atelje, s\u00e5 \u00e4r jag tr\u00f6tt och sliten men v\u00e4ldigt n\u00f6jd. Jag kommer [&hellip;]<\/p>\n","protected":false},"author":96,"featured_media":0,"comment_status":"open","ping_status":"open","sticky":false,"template":"","format":"standard","meta":[],"categories":[181],"tags":[],"_links":{"self":[{"href":"https:\/\/kravallslojd.se\/wordpress\/index.php?rest_route=\/wp\/v2\/posts\/2231"}],"collection":[{"href":"https:\/\/kravallslojd.se\/wordpress\/index.php?rest_route=\/wp\/v2\/posts"}],"about":[{"href":"https:\/\/kravallslojd.se\/wordpress\/index.php?rest_route=\/wp\/v2\/types\/post"}],"author":[{"embeddable":true,"href":"https:\/\/kravallslojd.se\/wordpress\/index.php?rest_route=\/wp\/v2\/users\/96"}],"replies":[{"embeddable":true,"href":"https:\/\/kravallslojd.se\/wordpress\/index.php?rest_route=%2Fwp%2Fv2%2Fcomments&post=2231"}],"version-history":[{"count":2,"href":"https:\/\/kravallslojd.se\/wordpress\/index.php?rest_route=\/wp\/v2\/posts\/2231\/revisions"}],"predecessor-version":[{"id":2235,"href":"https:\/\/kravallslojd.se\/wordpress\/index.php?rest_route=\/wp\/v2\/posts\/2231\/revisions\/2235"}],"wp:attachment":[{"href":"https:\/\/kravallslojd.se\/wordpress\/index.php?rest_route=%2Fwp%2Fv2%2Fmedia&parent=2231"}],"wp:term":[{"taxonomy":"category","embeddable":true,"href":"https:\/\/kravallslojd.se\/wordpress\/index.php?rest_route=%2Fwp%2Fv2%2Fcategories&post=2231"},{"taxonomy":"post_tag","embeddable":true,"href":"https:\/\/kravallslojd.se\/wordpress\/index.php?rest_route=%2Fwp%2Fv2%2Ftags&post=2231"}],"curies":[{"name":"wp","href":"https:\/\/api.w.org\/{rel}","templated":true}]}}