{"id":2271,"date":"2009-11-09T23:22:21","date_gmt":"2009-11-09T22:22:21","guid":{"rendered":"http:\/\/kravallslojd.se\/wordpress\/?p=2271"},"modified":"2009-11-09T23:22:21","modified_gmt":"2009-11-09T22:22:21","slug":"karlek-och-slojd-i-stan","status":"publish","type":"post","link":"https:\/\/kravallslojd.se\/wordpress\/?p=2271","title":{"rendered":"K\u00e4rlek och sl\u00f6jd i stan"},"content":{"rendered":"<p><div id=\"attachment_2273\" style=\"width: 650px\" class=\"wp-caption alignnone\"><img aria-describedby=\"caption-attachment-2273\" decoding=\"async\" loading=\"lazy\" class=\"size-full wp-image-2273\" src=\"http:\/\/kravallslojd.se\/wordpress\/wp-content\/uploads\/2009\/11\/080415-010.jpg\" alt=\"virkare\/stickare\/n\u00e5lbindare\" width=\"640\" height=\"480\" srcset=\"https:\/\/kravallslojd.se\/wordpress\/wp-content\/uploads\/2009\/11\/080415-010.jpg 640w, https:\/\/kravallslojd.se\/wordpress\/wp-content\/uploads\/2009\/11\/080415-010-300x225.jpg 300w\" sizes=\"(max-width: 640px) 100vw, 640px\" \/><p id=\"caption-attachment-2273\" class=\"wp-caption-text\">virkare\/stickare\/n\u00e5lbindare<\/p><\/div><\/p>\n<p><div id=\"attachment_2274\" style=\"width: 490px\" class=\"wp-caption alignnone\"><img aria-describedby=\"caption-attachment-2274\" decoding=\"async\" loading=\"lazy\" class=\"size-full wp-image-2274\" src=\"http:\/\/kravallslojd.se\/wordpress\/wp-content\/uploads\/2009\/11\/080415-016.jpg\" alt=\"fina butiken\" width=\"480\" height=\"640\" srcset=\"https:\/\/kravallslojd.se\/wordpress\/wp-content\/uploads\/2009\/11\/080415-016.jpg 480w, https:\/\/kravallslojd.se\/wordpress\/wp-content\/uploads\/2009\/11\/080415-016-225x300.jpg 225w\" sizes=\"(max-width: 480px) 100vw, 480px\" \/><p id=\"caption-attachment-2274\" class=\"wp-caption-text\">fina butiken<\/p><\/div><\/p>\n<p>Veckan har b\u00f6rjat. Efter dagens slit med pension\u00e4rerna kom bel\u00f6ningen i form av en myskv\u00e4ll med garn, fika och trevligt s\u00e4llskap hos Did U..?. N\u00e5gra stickare\/virkare\/n\u00e5lbindare hade i alla fall letat sej dit. Det utlysta virktemat till trots, s\u00e5 fortsatte jag uppdragssticka p\u00e5 en halsv\u00e4rmartub, som lite senare kommer att finnas till salu under ovan n\u00e4mnda butiks egen etikett. Tjockt garn och stora stickor. Sk\u00f6nt att bara sticka p\u00e5 utan att fundera s\u00e5 mycket, att ha n\u00e5got som g\u00e5r n\u00e4stan av sejsj\u00e4lv n\u00e4r man vill kunna samtala ocks\u00e5.<\/p>\n<p>Funderar p\u00e5 det h\u00e4r (och diskuterat lite med v\u00e4nner) med hur till\u00e5tet \u00e4r det egentligen att sl\u00f6jda\/skapa\/hantverka\/tillverka i detta samh\u00e4lle. Eller s\u00e5h\u00e4r; att befinna sej i en milj\u00f6, i mitt fall S\u00e4tergl\u00e4ntan, d\u00e4r hela tillvaron g\u00e5r ut p\u00e5 att skapa och vara kreativ, d\u00e4r sl\u00f6jdandet och reflekterandet kring detta \u00e4r s\u00e5 sj\u00e4lvklart, d\u00e4r, i den skyddade milj\u00f6n, blir det ju ocks\u00e5 l\u00e4tt att g\u00f6ra det. Ute i verkligheten (verkligheten \u00e4r ett knepigt begrepp, vad betyder det och vad \u00e4r egentligen overkligt, men jag dristar mej till att anv\u00e4nda det eftersom till och med v\u00e4gskyltarna ner fr\u00e5n S\u00e4tergl\u00e4ntsberget pekar mot verkligheten numera\u2026) \u00e4r det sv\u00e5rare. S\u00e5 mycket annat som kommer i ens v\u00e4g. Pl\u00f6tsligt blir skaffa inkomst viktigare \u00e4n att sy klart ett plagg eller f\u00e4rga lite garn. Och man (ja, jag d\u00e5\u2026) blir lite rubbad och disharmonisk. F\u00f6r jag vill ju egentligen bara sitta och sticka p\u00e5 min tubsjal. Eller? Vad sjutton vill jag..?<\/p>\n<p>En b\u00f6rjan p\u00e5 en undran. Hur st\u00e5r det till med attityden till sl\u00f6jd\/tillverkning\/hantverk\/estetik, denna h\u00f6st d\u00e5 verklighetens folk blivit ett begrepp? Ska f\u00f6rs\u00f6ka \u00e5terkomma till detta \u00e4mne senare i veckan.<\/p>\n<p>S\u00e5d\u00e4r. Det var mitt livs f\u00f6rsta tv\u00e5 blogginl\u00e4gg.<\/p>\n","protected":false},"excerpt":{"rendered":"<p>Veckan har b\u00f6rjat. Efter dagens slit med pension\u00e4rerna kom bel\u00f6ningen i form av en myskv\u00e4ll med garn, fika och trevligt s\u00e4llskap hos Did U..?. N\u00e5gra stickare\/virkare\/n\u00e5lbindare hade i alla fall letat sej dit. Det utlysta virktemat till trots, s\u00e5 fortsatte jag uppdragssticka p\u00e5 en halsv\u00e4rmartub, som lite senare kommer att finnas till salu under ovan [&hellip;]<\/p>\n","protected":false},"author":98,"featured_media":0,"comment_status":"open","ping_status":"open","sticky":false,"template":"","format":"standard","meta":[],"categories":[191],"tags":[],"_links":{"self":[{"href":"https:\/\/kravallslojd.se\/wordpress\/index.php?rest_route=\/wp\/v2\/posts\/2271"}],"collection":[{"href":"https:\/\/kravallslojd.se\/wordpress\/index.php?rest_route=\/wp\/v2\/posts"}],"about":[{"href":"https:\/\/kravallslojd.se\/wordpress\/index.php?rest_route=\/wp\/v2\/types\/post"}],"author":[{"embeddable":true,"href":"https:\/\/kravallslojd.se\/wordpress\/index.php?rest_route=\/wp\/v2\/users\/98"}],"replies":[{"embeddable":true,"href":"https:\/\/kravallslojd.se\/wordpress\/index.php?rest_route=%2Fwp%2Fv2%2Fcomments&post=2271"}],"version-history":[{"count":2,"href":"https:\/\/kravallslojd.se\/wordpress\/index.php?rest_route=\/wp\/v2\/posts\/2271\/revisions"}],"predecessor-version":[{"id":2275,"href":"https:\/\/kravallslojd.se\/wordpress\/index.php?rest_route=\/wp\/v2\/posts\/2271\/revisions\/2275"}],"wp:attachment":[{"href":"https:\/\/kravallslojd.se\/wordpress\/index.php?rest_route=%2Fwp%2Fv2%2Fmedia&parent=2271"}],"wp:term":[{"taxonomy":"category","embeddable":true,"href":"https:\/\/kravallslojd.se\/wordpress\/index.php?rest_route=%2Fwp%2Fv2%2Fcategories&post=2271"},{"taxonomy":"post_tag","embeddable":true,"href":"https:\/\/kravallslojd.se\/wordpress\/index.php?rest_route=%2Fwp%2Fv2%2Ftags&post=2271"}],"curies":[{"name":"wp","href":"https:\/\/api.w.org\/{rel}","templated":true}]}}