{"id":2286,"date":"2009-11-13T21:15:36","date_gmt":"2009-11-13T20:15:36","guid":{"rendered":"http:\/\/kravallslojd.se\/wordpress\/?p=2286"},"modified":"2009-11-13T21:15:36","modified_gmt":"2009-11-13T20:15:36","slug":"hur-viktigt-ar-det-att-alltid-skapa","status":"publish","type":"post","link":"https:\/\/kravallslojd.se\/wordpress\/?p=2286","title":{"rendered":"Hur viktigt \u00e4r det att alltid skapa?"},"content":{"rendered":"<p>Ibland blir det inte som man t\u00e4nkt sej. Som ig\u00e5r. Vi hade planerat f\u00f6r en heldag med sl\u00f6jd, Karin, Frida och jag. Var p\u00e5 plats klockan elva, k\u00e5nkat dit symaskin och grejer och dator f\u00f6r bloggande om v\u00e5r fantastiskt kreativa dag. Ist\u00e4llet f\u00f6r en h\u00f6g f\u00e4rdiga alster blev det babbel, middag, vila och ett jobbrelaterat m\u00f6te jag var tvungen att fara p\u00e5. Och samtalande om detta med prestationskraven och sv\u00e5righeterna med att Bara Vara.<\/p>\n<p>Det finns ingen lag som s\u00e4ger att man m\u00e5ste vara produktiv, s\u00e5 vitt jag vet. \u00c4nd\u00e5 k\u00e4nner jag f\u00f6r det mesta att jag m\u00e5ste vara det, att jag st\u00e4ndigt m\u00e5ste vara ig\u00e5ng med n\u00e5gonting kreativt och skapande. Det som b\u00f6rjade i ren och sk\u00e4r gl\u00e4dje \u00f6ver att det var s\u00e5 roligt att sy, har med \u00e5ren blivit mer och mer prestationsinriktat. Har nog n\u00e5nting att g\u00f6ra med att jag definierar mej som en skapande\/hantverkande\/tillverkande m\u00e4nniska. Och f\u00f6r att uppfylla den definitionen m\u00e5ste jag \u201dh\u00e5lla p\u00e5\u201d. Dessutom vill jag att detta ska leda till inkomster. D\u00e4rf\u00f6r m\u00e5ste jag st\u00e4ndigt leverera. Det \u00e4r inte bara frid och fr\u00f6jd att vara kreativ\u2026 Blir mer och mer av ett dilemma faktiskt. Om jag satsar fullt ut med f\u00f6retag och syr f\u00f6r hela slanten, hur kul kommer det att vara n\u00e4r jag blir tvungen att leverera de m\u00e4ngder som kr\u00e4vs f\u00f6r att g\u00e5 runt..?<\/p>\n<p>M\u00e5ste erk\u00e4nna att jag n\u00e4r det k\u00e4nns f\u00f6r hoppl\u00f6st ibland funderar p\u00e5 att l\u00e4gga av med tillverkandet. Eller i alla fall ta en rej\u00e4l semester fr\u00e5n det, och hoppas p\u00e5 att lusten kommer tillbaka. Det har nog helt enkelt varit lite f\u00f6r mycket l\u00e4nge nu. Testade faktiskt en ny tanke h\u00e4romsistens; den att jag m\u00e5ste faktiskt inte tillverka n\u00e5gonting om jag inte vill. Jag beh\u00f6ver inte forts\u00e4tta sy. Jag kan g\u00f6ra n\u00e5got annat. Det som h\u00e4nde var att pl\u00f6tsligt kom sylusten tillbaka! S\u00e5 l\u00e4nge den h\u00f6ll i sej sydde jag med gl\u00e4dje vidare p\u00e5 skjortprojektet. Intressant, det talar f\u00f6r att mitt semesterexperiment kan vara v\u00e4rt att testa\u2026<\/p>\n<p>Och det var v\u00e4ldigt trevligt att bara babbla en hel dag.<\/p>\n","protected":false},"excerpt":{"rendered":"<p>Ibland blir det inte som man t\u00e4nkt sej. Som ig\u00e5r. Vi hade planerat f\u00f6r en heldag med sl\u00f6jd, Karin, Frida och jag. Var p\u00e5 plats klockan elva, k\u00e5nkat dit symaskin och grejer och dator f\u00f6r bloggande om v\u00e5r fantastiskt kreativa dag. Ist\u00e4llet f\u00f6r en h\u00f6g f\u00e4rdiga alster blev det babbel, middag, vila och ett jobbrelaterat [&hellip;]<\/p>\n","protected":false},"author":98,"featured_media":0,"comment_status":"open","ping_status":"open","sticky":false,"template":"","format":"standard","meta":[],"categories":[191],"tags":[],"_links":{"self":[{"href":"https:\/\/kravallslojd.se\/wordpress\/index.php?rest_route=\/wp\/v2\/posts\/2286"}],"collection":[{"href":"https:\/\/kravallslojd.se\/wordpress\/index.php?rest_route=\/wp\/v2\/posts"}],"about":[{"href":"https:\/\/kravallslojd.se\/wordpress\/index.php?rest_route=\/wp\/v2\/types\/post"}],"author":[{"embeddable":true,"href":"https:\/\/kravallslojd.se\/wordpress\/index.php?rest_route=\/wp\/v2\/users\/98"}],"replies":[{"embeddable":true,"href":"https:\/\/kravallslojd.se\/wordpress\/index.php?rest_route=%2Fwp%2Fv2%2Fcomments&post=2286"}],"version-history":[{"count":2,"href":"https:\/\/kravallslojd.se\/wordpress\/index.php?rest_route=\/wp\/v2\/posts\/2286\/revisions"}],"predecessor-version":[{"id":2288,"href":"https:\/\/kravallslojd.se\/wordpress\/index.php?rest_route=\/wp\/v2\/posts\/2286\/revisions\/2288"}],"wp:attachment":[{"href":"https:\/\/kravallslojd.se\/wordpress\/index.php?rest_route=%2Fwp%2Fv2%2Fmedia&parent=2286"}],"wp:term":[{"taxonomy":"category","embeddable":true,"href":"https:\/\/kravallslojd.se\/wordpress\/index.php?rest_route=%2Fwp%2Fv2%2Fcategories&post=2286"},{"taxonomy":"post_tag","embeddable":true,"href":"https:\/\/kravallslojd.se\/wordpress\/index.php?rest_route=%2Fwp%2Fv2%2Ftags&post=2286"}],"curies":[{"name":"wp","href":"https:\/\/api.w.org\/{rel}","templated":true}]}}