{"id":2333,"date":"2009-12-02T22:48:40","date_gmt":"2009-12-02T21:48:40","guid":{"rendered":"http:\/\/kravallslojd.se\/wordpress\/?p=2333"},"modified":"2009-12-02T22:51:15","modified_gmt":"2009-12-02T21:51:15","slug":"skap-och-skrin-och-skal","status":"publish","type":"post","link":"https:\/\/kravallslojd.se\/wordpress\/?p=2333","title":{"rendered":"Sk\u00e5p och skrin och sk\u00e5l"},"content":{"rendered":"<p style=\"text-align: left\">\u00a0<\/p>\n<p>Idag vill jag ber\u00e4tta lite mer om v\u00e5ra h\u00e5rdsl\u00f6jdsprojekt d\u00e4r vi utg\u00e5tt fr\u00e5n museernas samlingar. Vi har tagit vara p\u00e5 gammal kunskap och tillsammans med sl\u00f6jdare fr\u00e5n l\u00e4net utvecklat sl\u00f6jdprodukter som passar in i dagens samh\u00e4lle.<\/p>\n<p>Det b\u00f6rjade med ett svarvprojekt d\u00e4r vi utgick fr\u00e5n svarvtraditioner i Bor\u00e5strakten eller som vi s\u00e4ger Sjuh\u00e4radsbygden. F\u00f6rst var det dags att ta fram den speciella svegsvarven efter en gammal f\u00f6rlaga som fanns p\u00e5 Bor\u00e5s museum. \u00a0D\u00e4refter kunde svarvningen b\u00f6rja, s\u00e5 som en g\u00e5ng de gamla knallarna svarvade n\u00e4r dom drog runt med sin svarv ut i bygderna och resultatet kunde bli bl a \u00f6lbollar. Ett trevligt dryckesk\u00e4rl d\u00e4r man dricker tillsammans ur samma sk\u00e5l. Hela svarvprojektet filmades och dokumenterades s\u00e5 man sj\u00e4lv kan bygga en svegsvarv och l\u00e4ra sig sk\u00e4rsvarva i r\u00e5tt virke.<\/p>\n<p>Efter detta gick vi \u00f6ver till n\u00e4sta projekt och det blev ett skrinprojekt. H\u00e4r deltog ett antal sl\u00f6jdare fr\u00e5n l\u00e4net f\u00f6r att l\u00e4ra mer om sl\u00f6jdande och sen sj\u00e4lva g\u00f6ra ett skrin. Det b\u00f6rjade med bes\u00f6k p\u00e5 hembygdg\u00e5rdar och museer. D\u00e4refter var det dags att h\u00e4mta material i skogen, studera olika tr\u00e4tekniker, l\u00e4ra mer om f\u00e4rg och form f\u00f6r att efter detta b\u00f6rja formge sitt eget speciella skrin. Detta projekt avslutades med en bok och en utst\u00e4llning.<\/p>\n<p><img decoding=\"async\" loading=\"lazy\" class=\"alignnone size-full wp-image-2338\" src=\"http:\/\/kravallslojd.se\/wordpress\/wp-content\/uploads\/2009\/12\/webbild.jpg\" alt=\"Gr\u00e4nsl\u00f6sa v\u00e4ggsk\u00e5p\" width=\"376\" height=\"532\" srcset=\"https:\/\/kravallslojd.se\/wordpress\/wp-content\/uploads\/2009\/12\/webbild.jpg 376w, https:\/\/kravallslojd.se\/wordpress\/wp-content\/uploads\/2009\/12\/webbild-212x300.jpg 212w\" sizes=\"(max-width: 376px) 100vw, 376px\" \/><\/p>\n<p>Det senaste projektet\u00a0har handlat om sm\u00e5 v\u00e4ggsk\u00e5p. Detta projekt p\u00e5minner en hel del om skrinprojektet, men h\u00e4r har vi utvidgat gr\u00e4nserna och bjudit in kollegor och sl\u00f6jdare fr\u00e5n angr\u00e4nsande l\u00e4n i V\u00e4rmland och p\u00e5 norska sidan gr\u00e4nsen. Resultatet blev m\u00e5nga intressanta sk\u00e5p som man just nu kan besk\u00e5da i utst\u00e4llningen \u201d<em>Sk\u00e5p skap skapa Gr\u00e4nsl\u00f6sa v\u00e4ggsk\u00e5p<\/em>\u201d p\u00e5 Str\u00f6mstads museum. En utst\u00e4llning som p\u00e5g\u00e5r fram till den 8 januari 2010. Men redan den 8 december kan man f\u00e5 h\u00f6ra Knut \u00d6stg\u00e5rd ber\u00e4tta om var i skogen bland alla tr\u00e4d han v\u00e4ljer sitt material, som sedan bearbetas s\u00e5 att ett v\u00e4lskapt v\u00e4ggsk\u00e5p kan f\u00f6das fram och g\u00e4rna med hj\u00e4lp av lustgas.<\/p>\n<p><img decoding=\"async\" class=\"size-full wp-image-2341  alignleft\" src=\"http:\/\/kravallslojd.se\/wordpress\/wp-content\/uploads\/2009\/12\/skap.bmp\" alt=\"skap\" \/><\/p>\n<p>\u00a0<\/p>\n<p>\u00a0<\/p>\n<p>\u00a0<\/p>\n<p>\u00a0<\/p>\n<p>\u00a0<\/p>\n<p>\u00a0<\/p>\n<p>Detta har varit dag ett efter svininfluensasprutan, lite \u00f6m i \u00f6verarmen och kanske lite snudd p\u00e5 huvudv\u00e4rk, men annars inga st\u00f6rre biverkningar. Idag fick jag iv\u00e4g m\u00e5nadens Nyhetsbrev fr\u00e5n Hemsl\u00f6jdskonsulenterna i V\u00e4stra G\u00f6taland. Sen var det dags att rensa datorn f\u00f6r imorgon ska den bytas ut. Det ska bli sk\u00f6nt med en lite mindre dator s\u00e5 den inte blir s\u00e5 tung att b\u00e4ra med sig.<\/p>\n","protected":false},"excerpt":{"rendered":"<p>\u00a0 Idag vill jag ber\u00e4tta lite mer om v\u00e5ra h\u00e5rdsl\u00f6jdsprojekt d\u00e4r vi utg\u00e5tt fr\u00e5n museernas samlingar. Vi har tagit vara p\u00e5 gammal kunskap och tillsammans med sl\u00f6jdare fr\u00e5n l\u00e4net utvecklat sl\u00f6jdprodukter som passar in i dagens samh\u00e4lle. Det b\u00f6rjade med ett svarvprojekt d\u00e4r vi utgick fr\u00e5n svarvtraditioner i Bor\u00e5strakten eller som vi s\u00e4ger Sjuh\u00e4radsbygden. F\u00f6rst [&hellip;]<\/p>\n","protected":false},"author":101,"featured_media":0,"comment_status":"open","ping_status":"open","sticky":false,"template":"","format":"standard","meta":[],"categories":[194],"tags":[],"_links":{"self":[{"href":"https:\/\/kravallslojd.se\/wordpress\/index.php?rest_route=\/wp\/v2\/posts\/2333"}],"collection":[{"href":"https:\/\/kravallslojd.se\/wordpress\/index.php?rest_route=\/wp\/v2\/posts"}],"about":[{"href":"https:\/\/kravallslojd.se\/wordpress\/index.php?rest_route=\/wp\/v2\/types\/post"}],"author":[{"embeddable":true,"href":"https:\/\/kravallslojd.se\/wordpress\/index.php?rest_route=\/wp\/v2\/users\/101"}],"replies":[{"embeddable":true,"href":"https:\/\/kravallslojd.se\/wordpress\/index.php?rest_route=%2Fwp%2Fv2%2Fcomments&post=2333"}],"version-history":[{"count":11,"href":"https:\/\/kravallslojd.se\/wordpress\/index.php?rest_route=\/wp\/v2\/posts\/2333\/revisions"}],"predecessor-version":[{"id":2350,"href":"https:\/\/kravallslojd.se\/wordpress\/index.php?rest_route=\/wp\/v2\/posts\/2333\/revisions\/2350"}],"wp:attachment":[{"href":"https:\/\/kravallslojd.se\/wordpress\/index.php?rest_route=%2Fwp%2Fv2%2Fmedia&parent=2333"}],"wp:term":[{"taxonomy":"category","embeddable":true,"href":"https:\/\/kravallslojd.se\/wordpress\/index.php?rest_route=%2Fwp%2Fv2%2Fcategories&post=2333"},{"taxonomy":"post_tag","embeddable":true,"href":"https:\/\/kravallslojd.se\/wordpress\/index.php?rest_route=%2Fwp%2Fv2%2Ftags&post=2333"}],"curies":[{"name":"wp","href":"https:\/\/api.w.org\/{rel}","templated":true}]}}