{"id":2457,"date":"2010-01-11T18:30:31","date_gmt":"2010-01-11T17:30:31","guid":{"rendered":"http:\/\/kravallslojd.se\/wordpress\/?p=2457"},"modified":"2010-01-11T18:30:31","modified_gmt":"2010-01-11T17:30:31","slug":"om-vadmal-och-kaffesump","status":"publish","type":"post","link":"https:\/\/kravallslojd.se\/wordpress\/?p=2457","title":{"rendered":"Om vadmal och kaffesump"},"content":{"rendered":"<p>Idag har vi \u00e5kt skidor, jag och pappa. Fick ta mammas pj\u00e4xor och skidor &#8211; n\u00e5gra egna har jag inte haft sen jag var tre \u00e4pplen h\u00f6g. \u00c4ntligen framme i sp\u00e5ret, med klarbl\u00e5 himmel &#8211; och p\u00e5 n\u00e5got mystiskt vis sn\u00f6ar det \u00e4nd\u00e5 lite l\u00e4tt. Ute p\u00e5 en \u00f6ppen plats bl\u00e5ser det lite om \u00f6ronen och jag plockar upp mina knallturkosa \u00f6ronmuffar, som spricker med detsamma i min hand. Det m\u00e5ste vara kylan. Baskemej, de har ju h\u00e5llit \u00e4nda sen \u00e5ttiotalet! Drar ist\u00e4llet upp luvan p\u00e5 min anorak och forts\u00e4tter. Jag f\u00e5r \u00e5ka f\u00f6rst i sp\u00e5ret och pappa ger mig lite tekniktips fr\u00e5n sin f\u00f6rdelaktiga position. Ber\u00f6mmer mig ibland. \u201dNu g\u00e5r det ju riktigt bra!\u201d p\u00e5 pappors vis.<\/p>\n<p>\u00a0<\/p>\n<p><div id=\"attachment_2458\" style=\"width: 310px\" class=\"wp-caption aligncenter\"><img aria-describedby=\"caption-attachment-2458\" decoding=\"async\" loading=\"lazy\" class=\"size-full wp-image-2458\" src=\"http:\/\/kravallslojd.se\/wordpress\/wp-content\/uploads\/2010\/01\/sn\u00f6ig-skog.jpg\" alt=\"Skogen \u00e4r tyst och finkl\u00e4dd\" width=\"300\" height=\"439\" srcset=\"https:\/\/kravallslojd.se\/wordpress\/wp-content\/uploads\/2010\/01\/sn\u00f6ig-skog.jpg 300w, https:\/\/kravallslojd.se\/wordpress\/wp-content\/uploads\/2010\/01\/sn\u00f6ig-skog-205x300.jpg 205w\" sizes=\"(max-width: 300px) 100vw, 300px\" \/><p id=\"caption-attachment-2458\" class=\"wp-caption-text\">Skogen \u00e4r tyst och finkl\u00e4dd<\/p><\/div><\/p>\n<p>N\u00e4r vi kommer hem g\u00f6r vi varm choklad och \u00e4ter kn\u00e4ckebr\u00f6d. Jag k\u00e4nner mig lite frusen. F\u00f6rs\u00f6ker bota detta tillst\u00e5nd genom att svepa in mig i mitt p\u00e5g\u00e5ende sl\u00f6jdprojekt \u2013 ett par vadmalsbyxor. Det brinner minsann i knutarna nu \u2013 jag b\u00f6rjade p\u00e5 dem vid Lucia och \u00e4nnu \u00e4r de inte klara. Det \u00e4r ju nu det \u00e4r femton grader kallt! Vaxar tr\u00e5den halvt i s\u00f6mnen och tar tag i tyget. Gudars, byxorna kommer d\u00f6da mig, tyget sticks alldeles fasansfullt!<\/p>\n<p>\u00a0<\/p>\n<p>Pappa sitter och jobbar en bit bort. Han sorterar papper, jag syr. Vi lyssnar p\u00e5 ren\u00e4ssansmusik s\u00e5 det d\u00e5nar.<\/p>\n<p>\u00a0<\/p>\n<p>Dags att laga middag t\u00e4nker jag och skrotar reda p\u00e5 lite gr\u00f6nsaker i frysen. Lyssnar p\u00e5 Ola Magnell, som alltid f\u00e5r mig p\u00e5 bra sl\u00f6jdtankar. Filosoferar kring matsl\u00f6jdandet. T\u00e4nker att nu \u00e4r det som att jag g\u00e5r ut i skogen och hittar en krokig gren som jag g\u00f6r till n\u00e5got vackert, n\u00e4r jag rotar bland p\u00e5sar, burkar och pappersf\u00f6rpackningar. H\u00e4r g\u00e4ller det att ta vad naturen har att ge. Jag dansar f\u00f6r mig sj\u00e4lv i k\u00f6ket och skr\u00e5lar med b\u00e4st jag kan.<\/p>\n<p>\u00a0<\/p>\n<p>Pappa tar som vanligt fram kn\u00e4ckebr\u00f6det och bregotten, det \u00e4r hans omr\u00e5de. Vi \u00e4ter n\u00e4stan helt under tystnad. Jag betraktar hans h\u00e4nder i smyg och t\u00e4nker att p\u00e5 sommaren, d\u00e5 f\u00e5r de d\u00e4r starka men lite gamla h\u00e4nderna kraft. N\u00e4r de h\u00e5ller i sitt favoritbryne (som \u00e4r alldeles tunnslitet p\u00e5 b\u00e4sta st\u00e4llet) som flyger fram \u00f6ver liens blad. Eller kanske renoverar de trappen. Inser att jag aldrig riktigt har t\u00e4nkt p\u00e5 min pappa som sl\u00f6jdare trots att han egentligen \u00e4r en riktig bonnl\u00e4pp. \u00c4ven om han aldrig g\u00f6r svepaskar och krympburkar s\u00e5 \u00e4r han ju \u00e4nd\u00e5 en relik fr\u00e5n sj\u00e4lvhush\u00e5llets tid. K\u00e4nner mig lite som en s\u00e5nd\u00e4r hemsl\u00f6jdstant fr\u00e5n 1800-talet n\u00e4r jag inser att jag pl\u00f6tsligt \u201duppt\u00e4ckt\u201d de kvaliteter som bondelivet besitter. S\u00e5nt som \u00e4r en sj\u00e4lvklarhet f\u00f6r min pappa.<\/p>\n<p>\u00a0<\/p>\n<p>Pl\u00f6tsligt tar han sin tallrik och annonserar att han minsann ska g\u00e5 ut och h\u00e4mta ved. H\u00e4rligt. Jag s\u00e4ger att om vi eldar lite bj\u00f6rkved s\u00e5 kan jag koka asklut sen. Han s\u00e4ger att n\u00e4\u00e4, det \u00e4r lite blandat nu. En annan g\u00e5ng kanske.<\/p>\n<p>\u00a0<\/p>\n<p>Brasan sprakar i spisen. Jag r\u00f6r ihop en ansiktsmask av kaffesump och gammal yoghurt. L\u00e4rde mig i h\u00f6stas att kaffesump \u00e4r bra f\u00f6r huden, det inneh\u00e5ller n\u00e5gon olja som g\u00f6r huden supermjuk. Och kaffesump som f\u00f6r\u00f6vrigt anses odugligt, precis som utg\u00e5ngen yoghurt, men jag t\u00e4nker att n\u00e5t som inneh\u00e5ller s\u00e5 mycket kultur m\u00e5ste ju vara nyttigt. Tankarna vandrar runt bland sjuttiotalsbrillor, \u00f6vervintrade hippies och gr\u00f6nav\u00e5gengubbar.<\/p>\n<p>\u00a0<\/p>\n<p>Jag forts\u00e4tter sy. Kv\u00e4llen \u00e4r h\u00e4r och den k\u00e4nns h\u00e4rlig. Dr\u00f6mmer mig bort till en v\u00e4rld d\u00e4r jag alltid f\u00e5r sitta och sy framf\u00f6r en brasa, med eller utan ett ansikte insmort med kaffesump.<\/p>\n","protected":false},"excerpt":{"rendered":"<p>Idag har vi \u00e5kt skidor, jag och pappa. Fick ta mammas pj\u00e4xor och skidor &#8211; n\u00e5gra egna har jag inte haft sen jag var tre \u00e4pplen h\u00f6g. \u00c4ntligen framme i sp\u00e5ret, med klarbl\u00e5 himmel &#8211; och p\u00e5 n\u00e5got mystiskt vis sn\u00f6ar det \u00e4nd\u00e5 lite l\u00e4tt. Ute p\u00e5 en \u00f6ppen plats bl\u00e5ser det lite om \u00f6ronen [&hellip;]<\/p>\n","protected":false},"author":104,"featured_media":0,"comment_status":"open","ping_status":"open","sticky":false,"template":"","format":"standard","meta":[],"categories":[198],"tags":[],"_links":{"self":[{"href":"https:\/\/kravallslojd.se\/wordpress\/index.php?rest_route=\/wp\/v2\/posts\/2457"}],"collection":[{"href":"https:\/\/kravallslojd.se\/wordpress\/index.php?rest_route=\/wp\/v2\/posts"}],"about":[{"href":"https:\/\/kravallslojd.se\/wordpress\/index.php?rest_route=\/wp\/v2\/types\/post"}],"author":[{"embeddable":true,"href":"https:\/\/kravallslojd.se\/wordpress\/index.php?rest_route=\/wp\/v2\/users\/104"}],"replies":[{"embeddable":true,"href":"https:\/\/kravallslojd.se\/wordpress\/index.php?rest_route=%2Fwp%2Fv2%2Fcomments&post=2457"}],"version-history":[{"count":2,"href":"https:\/\/kravallslojd.se\/wordpress\/index.php?rest_route=\/wp\/v2\/posts\/2457\/revisions"}],"predecessor-version":[{"id":2460,"href":"https:\/\/kravallslojd.se\/wordpress\/index.php?rest_route=\/wp\/v2\/posts\/2457\/revisions\/2460"}],"wp:attachment":[{"href":"https:\/\/kravallslojd.se\/wordpress\/index.php?rest_route=%2Fwp%2Fv2%2Fmedia&parent=2457"}],"wp:term":[{"taxonomy":"category","embeddable":true,"href":"https:\/\/kravallslojd.se\/wordpress\/index.php?rest_route=%2Fwp%2Fv2%2Fcategories&post=2457"},{"taxonomy":"post_tag","embeddable":true,"href":"https:\/\/kravallslojd.se\/wordpress\/index.php?rest_route=%2Fwp%2Fv2%2Ftags&post=2457"}],"curies":[{"name":"wp","href":"https:\/\/api.w.org\/{rel}","templated":true}]}}