{"id":2544,"date":"2010-01-26T21:57:30","date_gmt":"2010-01-26T20:57:30","guid":{"rendered":"http:\/\/kravallslojd.se\/wordpress\/?p=2544"},"modified":"2010-01-26T22:01:39","modified_gmt":"2010-01-26T21:01:39","slug":"plastslojd","status":"publish","type":"post","link":"https:\/\/kravallslojd.se\/wordpress\/?p=2544","title":{"rendered":"Plastsl\u00f6jd?"},"content":{"rendered":"<p>\u00a0<\/p>\n<p><img decoding=\"async\" loading=\"lazy\" class=\"aligncenter size-medium wp-image-2545\" src=\"http:\/\/kravallslojd.se\/wordpress\/wp-content\/uploads\/2010\/01\/Jennys-stora-bildbunt-017-226x300.jpg\" alt=\"\" width=\"226\" height=\"300\" srcset=\"https:\/\/kravallslojd.se\/wordpress\/wp-content\/uploads\/2010\/01\/Jennys-stora-bildbunt-017-226x300.jpg 226w, https:\/\/kravallslojd.se\/wordpress\/wp-content\/uploads\/2010\/01\/Jennys-stora-bildbunt-017-773x1024.jpg 773w, https:\/\/kravallslojd.se\/wordpress\/wp-content\/uploads\/2010\/01\/Jennys-stora-bildbunt-017.jpg 1232w\" sizes=\"(max-width: 226px) 100vw, 226px\" \/><\/p>\n<p>Godkv\u00e4ll!<\/p>\n<p>Detta har min dag delvis best\u00e5tt av, skriva sm\u00e5 lappar p\u00e5 skrivmaskinen till mitt fotoalbum. Ni m\u00e5 tro vad mycket gl\u00e4dje denna maskin gett mig, den kom till mig som en present n\u00e5gon g\u00e5ng f\u00f6r ca 7 \u00e5r sedan och har troget f\u00f6ljt mig sen dess. P\u00e5 Capella mixtrade jag med att skriva p\u00e5 tyg med den och sedan plasta in. Min fr\u00e5ga \u00e4r nu. \u00c4r det sl\u00f6jd? Att plasta in saker? Anv\u00e4nda plast. Det k\u00e4nns ju som att det \u00e4r lite p\u00e5 gr\u00e4nsen. Undrar varf\u00f6r? Kanske f\u00f6r att det \u00e4r ett s\u00e5dant \u201dnytt\u201d material. P\u00e5 den senaste syjunta vi hade h\u00e4r i Uppis pratade vi om en sk\u00e5l som \u00e4r gjort av pinnar hopfogade med olikf\u00e4rgade buntband av plast. Att den sk\u00e5len \u00e4r provokativ p\u00e5 grund av plastbuntbanden. Men den \u00e4r ju \u00e4nd\u00e5 sl\u00f6jd\u2026 \u00a0N\u00e5v\u00e4l, om personen som gjort saken i fr\u00e5ga tycker att det \u00e4r sl\u00f6jd s\u00e5 ska det f\u00e5 vara s\u00e5. Tycker jag.<\/p>\n<p>God natt!<\/p>\n<p>ps. jag f\u00f6rst\u00e5r mig fortfarande p\u00e5 det h\u00e4r, ha \u00f6verseende f\u00f6r vissa krux.<\/p>\n<p>ps2. bilden \u00e4r fr\u00e5n 2006<\/p>\n","protected":false},"excerpt":{"rendered":"<p>\u00a0 Godkv\u00e4ll! Detta har min dag delvis best\u00e5tt av, skriva sm\u00e5 lappar p\u00e5 skrivmaskinen till mitt fotoalbum. Ni m\u00e5 tro vad mycket gl\u00e4dje denna maskin gett mig, den kom till mig som en present n\u00e5gon g\u00e5ng f\u00f6r ca 7 \u00e5r sedan och har troget f\u00f6ljt mig sen dess. P\u00e5 Capella mixtrade jag med att skriva [&hellip;]<\/p>\n","protected":false},"author":107,"featured_media":0,"comment_status":"open","ping_status":"open","sticky":false,"template":"","format":"standard","meta":[],"categories":[200],"tags":[],"_links":{"self":[{"href":"https:\/\/kravallslojd.se\/wordpress\/index.php?rest_route=\/wp\/v2\/posts\/2544"}],"collection":[{"href":"https:\/\/kravallslojd.se\/wordpress\/index.php?rest_route=\/wp\/v2\/posts"}],"about":[{"href":"https:\/\/kravallslojd.se\/wordpress\/index.php?rest_route=\/wp\/v2\/types\/post"}],"author":[{"embeddable":true,"href":"https:\/\/kravallslojd.se\/wordpress\/index.php?rest_route=\/wp\/v2\/users\/107"}],"replies":[{"embeddable":true,"href":"https:\/\/kravallslojd.se\/wordpress\/index.php?rest_route=%2Fwp%2Fv2%2Fcomments&post=2544"}],"version-history":[{"count":3,"href":"https:\/\/kravallslojd.se\/wordpress\/index.php?rest_route=\/wp\/v2\/posts\/2544\/revisions"}],"predecessor-version":[{"id":2547,"href":"https:\/\/kravallslojd.se\/wordpress\/index.php?rest_route=\/wp\/v2\/posts\/2544\/revisions\/2547"}],"wp:attachment":[{"href":"https:\/\/kravallslojd.se\/wordpress\/index.php?rest_route=%2Fwp%2Fv2%2Fmedia&parent=2544"}],"wp:term":[{"taxonomy":"category","embeddable":true,"href":"https:\/\/kravallslojd.se\/wordpress\/index.php?rest_route=%2Fwp%2Fv2%2Fcategories&post=2544"},{"taxonomy":"post_tag","embeddable":true,"href":"https:\/\/kravallslojd.se\/wordpress\/index.php?rest_route=%2Fwp%2Fv2%2Ftags&post=2544"}],"curies":[{"name":"wp","href":"https:\/\/api.w.org\/{rel}","templated":true}]}}