{"id":2641,"date":"2010-02-16T07:44:35","date_gmt":"2010-02-16T06:44:35","guid":{"rendered":"http:\/\/kravallslojd.se\/wordpress\/?p=2641"},"modified":"2010-02-16T07:44:35","modified_gmt":"2010-02-16T06:44:35","slug":"ett-stilla-pysslande","status":"publish","type":"post","link":"https:\/\/kravallslojd.se\/wordpress\/?p=2641","title":{"rendered":"Ett stilla pysslande"},"content":{"rendered":"<p>Jag m\u00e5ste nog h\u00e4nga kvar vid min mormor och den mediala bristens f\u00f6ljder ett tag till. Hon samlade familjen om kv\u00e4llarna och h\u00f6gl\u00e4ste f\u00f6r dem medan de sysslade, var och en, med sina egna uppgifter. N\u00e4r det skulle stickas t\u00e4cken satt alla (\u00e5tminstone t\u00f6serna) runt den stora stickb\u00e5gen i k\u00f6ket. Ro och trygghet lade sig som ett t\u00e4cke \u00f6ver fliten. Jag hade g\u00e4rna suttit med kring bordet, d\u00e4r jag l\u00e5ngt senare m\u00e5nga g\u00e5nger suttit i m\u00e5ltidssammanhang. Jag kan f\u00f6rest\u00e4lla mig den h\u00f6gtidliga k\u00e4nslan, emellan\u00e5t bruten av sm\u00e5prat och fnissningar. Jag har f\u00f6rs\u00f6kt idka h\u00f6gl\u00e4sning i min egen familj, men resultatet har varit nedsl\u00e5ende. Intresset f\u00f6r att lyssna s\u00e5v\u00e4l som att l\u00e4sa har varit obefintligt. Jag gillar h\u00f6gl\u00e4sning! S\u00e5 nu var det sagt och jag k\u00e4nner det lite som att jag &#8221;kommit ut ur garderoben&#8221;. H\u00f6gl\u00e4sning \u00e4r n\u00e5got som man inte l\u00e4ngre \u00e4gnar sig \u00e5t i skolan, kanh\u00e4nda har det bidragit till ointresset. Ingen ska beh\u00f6va k\u00e4nna sig utpekad, sa barnens l\u00e4rare. Men \u00e4r det inte bra att b\u00e5de h\u00f6ra sig sj\u00e4lv l\u00e4sa h\u00f6gt och att lyssna till andra som g\u00f6r det? \u00c4r inte det ocks\u00e5 ett s\u00e4tt att l\u00e4ra sig, sa jag. S\u00e5 ser vi inte p\u00e5 det idag, blev svaret. Jag tycker det \u00e4r fint med h\u00f6gl\u00e4sning! Jag delar ett stycke text med n\u00e5gon. Samtidigt! Jag delar ett stycke text med dig, som jag tycker \u00e4r v\u00e4rdefull, och du delar en annan, f\u00f6r dig v\u00e4rdefull text, med mig. Vi delar en upplevelse, ett intryck, och delar vi inte \u00e5sikter s\u00e5 kan det ist\u00e4llet leda till en berikande diskussion. N\u00e4r kv\u00e4llen blivit sen kurade mormor och morfar skymning. De spejade ut \u00f6ver \u00e4gorna, sammanfattade dagen och k\u00e4nde tacksamhet att de f\u00e5tt dela ytterligare en dag tillsammans, att b\u00e5de djur och odlingar klarat sig bra, att det funnits mat att s\u00e4tta p\u00e5 bordet och att alla barnen f\u00e5tt f\u00f6rbli friska. \u00c5terigen n\u00e5got att ta l\u00e4rdom av; det finns sk\u00e4l att betydligt oftare avsluta dagen i kontemplativ tacksamhet!<\/p>\n","protected":false},"excerpt":{"rendered":"<p>Jag m\u00e5ste nog h\u00e4nga kvar vid min mormor och den mediala bristens f\u00f6ljder ett tag till. Hon samlade familjen om kv\u00e4llarna och h\u00f6gl\u00e4ste f\u00f6r dem medan de sysslade, var och en, med sina egna uppgifter. N\u00e4r det skulle stickas t\u00e4cken satt alla (\u00e5tminstone t\u00f6serna) runt den stora stickb\u00e5gen i k\u00f6ket. Ro och trygghet lade sig [&hellip;]<\/p>\n","protected":false},"author":110,"featured_media":0,"comment_status":"open","ping_status":"open","sticky":false,"template":"","format":"standard","meta":[],"categories":[203],"tags":[],"_links":{"self":[{"href":"https:\/\/kravallslojd.se\/wordpress\/index.php?rest_route=\/wp\/v2\/posts\/2641"}],"collection":[{"href":"https:\/\/kravallslojd.se\/wordpress\/index.php?rest_route=\/wp\/v2\/posts"}],"about":[{"href":"https:\/\/kravallslojd.se\/wordpress\/index.php?rest_route=\/wp\/v2\/types\/post"}],"author":[{"embeddable":true,"href":"https:\/\/kravallslojd.se\/wordpress\/index.php?rest_route=\/wp\/v2\/users\/110"}],"replies":[{"embeddable":true,"href":"https:\/\/kravallslojd.se\/wordpress\/index.php?rest_route=%2Fwp%2Fv2%2Fcomments&post=2641"}],"version-history":[{"count":1,"href":"https:\/\/kravallslojd.se\/wordpress\/index.php?rest_route=\/wp\/v2\/posts\/2641\/revisions"}],"predecessor-version":[{"id":2642,"href":"https:\/\/kravallslojd.se\/wordpress\/index.php?rest_route=\/wp\/v2\/posts\/2641\/revisions\/2642"}],"wp:attachment":[{"href":"https:\/\/kravallslojd.se\/wordpress\/index.php?rest_route=%2Fwp%2Fv2%2Fmedia&parent=2641"}],"wp:term":[{"taxonomy":"category","embeddable":true,"href":"https:\/\/kravallslojd.se\/wordpress\/index.php?rest_route=%2Fwp%2Fv2%2Fcategories&post=2641"},{"taxonomy":"post_tag","embeddable":true,"href":"https:\/\/kravallslojd.se\/wordpress\/index.php?rest_route=%2Fwp%2Fv2%2Ftags&post=2641"}],"curies":[{"name":"wp","href":"https:\/\/api.w.org\/{rel}","templated":true}]}}