{"id":2660,"date":"2010-02-21T10:40:38","date_gmt":"2010-02-21T09:40:38","guid":{"rendered":"http:\/\/kravallslojd.se\/wordpress\/?p=2660"},"modified":"2010-02-21T10:40:38","modified_gmt":"2010-02-21T09:40:38","slug":"ur-linneskapet","status":"publish","type":"post","link":"https:\/\/kravallslojd.se\/wordpress\/?p=2660","title":{"rendered":"Ur linnesk\u00e5pet"},"content":{"rendered":"<p>F\u00f6r ett drygt sekel sedan hette det att kvinnoh\u00e4nder aldrig fick vara sysslol\u00f6sa. T\u00e4nk s\u00e5 mycket vackert som f\u00f6ddes ur det. F\u00f6r mig, som \u201dekorre\u201d har det givit en guldgruva att gr\u00e4va ur. Jag har t.ex. ett passionerat f\u00f6rh\u00e5llande till linnesk\u00e5p. Det har jag haft s\u00e5 l\u00e4nge jag kan minnas. \u00c5ter igen \u00e4r det nog mormors f\u00f6rtj\u00e4nst. Jag minns s\u00e5 starkt hur jag, n\u00e4r jag som barn kom till mormor Hanna och morfar Johan, f\u00f6ljde med mormor eller n\u00e5gon moster in i salen f\u00f6r att h\u00e4mta lakan ur det stora linnesk\u00e5pet. Sk\u00e5pd\u00f6rrarna \u00f6ppnades och doften av lavendel fann sin v\u00e4g till min n\u00e4sa. P\u00e5 hyllorna l\u00e5g rader av noggrant rullade lakan och \u00f6rngott med vackra spetsar och fantasifulla monogram. Ett \u201dvattenfall\u201d av krusade \u00f6rngottsband v\u00e4lvde ner \u00f6ver hyllraderna. Det k\u00e4ndes mycket ansvarsfullt att sj\u00e4lv f\u00e5 v\u00e4lja och jag gjorde det med stor omsorg. Fast i slut\u00e4nden valde jag \u00e4nd\u00e5 alltid samma lakan och \u00f6rngott med broderad rosa b\u00e5rd. Aldrig har jag sovit b\u00e4ttre, aldrig dr\u00f6mt vackrare dr\u00f6mmar \u00e4n d\u00e5, mellan de svala v\u00e4lmanglade lakanen med doft av lavendel. Idag har jag mitt eget linnesk\u00e5p. Visst finns d\u00e4r ett och annat mangelfritt p\u00e5slakan \u00e0 la 70-tal, men d\u00e4r finns framf\u00f6r allt lakan och \u00f6rngott som mina anm\u00f6drar med stor omsorg satt sina monogram p\u00e5. Jag manglar alltid lakanen och krusar i meditativ f\u00f6rtjusning \u00f6rngottsbanden. Varje g\u00e5ng jag \u00f6ppnar d\u00f6rrarna m\u00f6ter mig mina anm\u00f6drar j\u00e4mte doften av lavendel.<\/p>\n<p><div id=\"attachment_2661\" style=\"width: 235px\" class=\"wp-caption alignnone\"><a href=\"http:\/\/kravallslojd.se\/wordpress\/wp-content\/uploads\/2010\/02\/BL-monogram.jpg\" ><img aria-describedby=\"caption-attachment-2661\" decoding=\"async\" loading=\"lazy\" class=\"size-medium wp-image-2661\" src=\"http:\/\/kravallslojd.se\/wordpress\/wp-content\/uploads\/2010\/02\/BL-monogram-225x300.jpg\" alt=\"\" width=\"225\" height=\"300\" srcset=\"https:\/\/kravallslojd.se\/wordpress\/wp-content\/uploads\/2010\/02\/BL-monogram-225x300.jpg 225w, https:\/\/kravallslojd.se\/wordpress\/wp-content\/uploads\/2010\/02\/BL-monogram.jpg 400w\" sizes=\"(max-width: 225px) 100vw, 225px\" \/><\/a><p id=\"caption-attachment-2661\" class=\"wp-caption-text\">\u00d6rngottsmonogram f\u00f6r Brita Larsdotter fr\u00e5n Norrala socken i H\u00e4lsingland, min mormors mormors.<\/p><\/div><\/p>\n<p>N\u00e5v\u00e4l, mitt bloggande har n\u00e5tt sitt slut och jag ska l\u00e4mna \u00f6ver stafettpinnen till n\u00e4sta veckas bloggare. Det har varit en vecka med viss rannsakning av sig sj\u00e4lv och gr\u00e4vande i undanskyfflademinnes-basen. Jag m\u00e5ste v\u00e4l \u00e4nd\u00e5 p\u00e5 n\u00e5got vis avsluta med att \u201dknyta ihop s\u00e4cken\u201d. Kanh\u00e4nda s\u00e5 h\u00e4r: hantverkande och sl\u00f6jdande \u00e4r p\u00e5 m\u00e5nga s\u00e4tt gr\u00e4ns\u00f6verskridande, det f\u00f6rekommer bland alla m\u00e4nniskor, oavsett \u00e5lder, etnicitet, religion, k\u00f6n eller klasstillh\u00f6righet. F\u00f6r somliga i form av yrkesverksamhet och f\u00f6r andra som fritidssyssla och avkoppling. Det skapar samh\u00f6righet i hantverket generellt och binder dessutom m\u00e4nniskor samman genom kurser, n\u00e4tverk och marknader. F\u00f6r den som \u00e4r sjuk eller har f\u00f6rlorat sina funktioner kan hantverkande \/ sl\u00f6jdande ge rehabilitering och \u00f6ppna en meningsfull v\u00e4g mot tillfrisknande. F\u00e5 l\u00e4mnas ober\u00f6rda. Sj\u00e4lv tror jag att alla h\u00e4nder m\u00e5r bra av att vara sysselsatta, f\u00f6r jag vet att h\u00e4nders arbete ger gl\u00e4dje i hj\u00e4rtat och ro i sj\u00e4len. Det har jag sett med egna \u00f6gon.<\/p>\n","protected":false},"excerpt":{"rendered":"<p>F\u00f6r ett drygt sekel sedan hette det att kvinnoh\u00e4nder aldrig fick vara sysslol\u00f6sa. T\u00e4nk s\u00e5 mycket vackert som f\u00f6ddes ur det. F\u00f6r mig, som \u201dekorre\u201d har det givit en guldgruva att gr\u00e4va ur. Jag har t.ex. ett passionerat f\u00f6rh\u00e5llande till linnesk\u00e5p. Det har jag haft s\u00e5 l\u00e4nge jag kan minnas. \u00c5ter igen \u00e4r det nog [&hellip;]<\/p>\n","protected":false},"author":110,"featured_media":0,"comment_status":"open","ping_status":"open","sticky":false,"template":"","format":"standard","meta":[],"categories":[203],"tags":[],"_links":{"self":[{"href":"https:\/\/kravallslojd.se\/wordpress\/index.php?rest_route=\/wp\/v2\/posts\/2660"}],"collection":[{"href":"https:\/\/kravallslojd.se\/wordpress\/index.php?rest_route=\/wp\/v2\/posts"}],"about":[{"href":"https:\/\/kravallslojd.se\/wordpress\/index.php?rest_route=\/wp\/v2\/types\/post"}],"author":[{"embeddable":true,"href":"https:\/\/kravallslojd.se\/wordpress\/index.php?rest_route=\/wp\/v2\/users\/110"}],"replies":[{"embeddable":true,"href":"https:\/\/kravallslojd.se\/wordpress\/index.php?rest_route=%2Fwp%2Fv2%2Fcomments&post=2660"}],"version-history":[{"count":2,"href":"https:\/\/kravallslojd.se\/wordpress\/index.php?rest_route=\/wp\/v2\/posts\/2660\/revisions"}],"predecessor-version":[{"id":2663,"href":"https:\/\/kravallslojd.se\/wordpress\/index.php?rest_route=\/wp\/v2\/posts\/2660\/revisions\/2663"}],"wp:attachment":[{"href":"https:\/\/kravallslojd.se\/wordpress\/index.php?rest_route=%2Fwp%2Fv2%2Fmedia&parent=2660"}],"wp:term":[{"taxonomy":"category","embeddable":true,"href":"https:\/\/kravallslojd.se\/wordpress\/index.php?rest_route=%2Fwp%2Fv2%2Fcategories&post=2660"},{"taxonomy":"post_tag","embeddable":true,"href":"https:\/\/kravallslojd.se\/wordpress\/index.php?rest_route=%2Fwp%2Fv2%2Ftags&post=2660"}],"curies":[{"name":"wp","href":"https:\/\/api.w.org\/{rel}","templated":true}]}}