{"id":2665,"date":"2010-02-22T17:53:19","date_gmt":"2010-02-22T16:53:19","guid":{"rendered":"http:\/\/kravallslojd.se\/wordpress\/?p=2665"},"modified":"2010-02-22T17:53:19","modified_gmt":"2010-02-22T16:53:19","slug":"pa-ratt-plats","status":"publish","type":"post","link":"https:\/\/kravallslojd.se\/wordpress\/?p=2665","title":{"rendered":"P\u00e5 r\u00e4tt plats"},"content":{"rendered":"<p style=\"text-align: left\">Jonny n\u00e4mnde n\u00e5got intressant i sin kommentar h\u00e4r nedanf\u00f6r. L\u00e5t mig citera!<br \/>\n<em><\/em><em><\/em><\/p>\n<blockquote>\n<p style=\"text-align: left\"><em>&#8221;Jag \u201dlider\u201d av samma \u00e5komma, \u00e4r som mest produktiv n\u00e5nstans mellan 12-03 vilket funkar d\u00e5ligt i kombination med jobb, men p\u00e5 jobbet s\u00e5 f\u00e5r jag ju saker gjort \u00e4ven p\u00e5 dagen s\u00e5 jag antar att det skulle funka om jag inte var hemma.&#8221;<\/em><\/p>\n<\/blockquote>\n<p style=\"text-align: left\">Det \u00e4r nog just det &#8211; det \u00e4r bara hemma jag inte f\u00e5r n\u00e5got gjort p\u00e5 dagen. P\u00e5 r\u00e4tt plats <em>g\u00f6r<\/em> jag, oavsett tidpunkt.<\/p>\n<p>P\u00e5 skolan har vi varsin arbetsplats. En om\u00e5ttlig lyx kanske vissa universitetsstudenter tycker, men det \u00e4r verkligen ett m\u00e5ste f\u00f6r oss. Sk\u00e4rknivar, pennor, linjaler i olika former, limpistoler och annat livsviktigt material m\u00e5ste f\u00f6rvaras. P\u00e5b\u00f6rjat arbete m\u00e5ste f\u00e5 l\u00e4mnas liggande vid dagens slut, f\u00f6r att man ska kunna forts\u00e4tta n\u00e4sta dag, d\u00e4r man slutade.<\/p>\n<p>Jag har en dr\u00f6m om ett v\u00e4lstrukturerat kontor med skissl\u00e5dor, p\u00e4rmar, fack och anslagstavlor (t\u00e4nk IKEA-katalogen ungef\u00e4r). Var sak har sin smarta plats och skrivbordet ska bara t\u00e4ckas av det jag jobbar med just f\u00f6r stunden.<\/p>\n<p>Detta \u00e4r allts\u00e5 dr\u00f6mmen &#8211; verkligheten ser lite annorlunda ut. I min l\u00e4genhet har jag en mindre arbetsplats under snedtaket. Jag har en hylla p\u00e5 v\u00e4ggen, d\u00e4r skrivare och diverse datorrelaterade saker st\u00e5r, en gammal blomkruka som fungerar som penn- och penselst\u00e4ll och en hurts under bordet som erbjuder en hel del f\u00f6rvaring. Problemet \u00e4r att l\u00e5dorna inte anv\u00e4nds till fullo. Skrivytan belamras i nul\u00e4get av gamla skisser, sladdar, sysaker.<\/p>\n<p>Kreativ kaos i all \u00e4ra, men personligen k\u00e4nner jag att jag m\u00e5ste ha utrymme n\u00e4r jag ska skapa. B\u00e5de utrymme f\u00f6r h\u00e4nderna och f\u00f6r tanken. D\u00e4rf\u00f6r: inga distraherande pappersh\u00f6gar!<\/p>\n<p>En rej\u00e4l uppst\u00e4dning av arbetsplatsen brukar inneb\u00e4ra ny energi och nya id\u00e9er, men ibland h\u00e4nder det att jag fuskar och flyttar till en ny, ost\u00f6kig plats. Klasskompisens tillf\u00e4lligt tomma skrivbord, matbordet eller kanske golvet?<\/p>\n<p>Ja, golv inbjuder i alla fall mig. N\u00e4r jag gjorde arbetsproverna till min nuvarande utbildning satt jag i mitt stora, relativt tomma vardagsrum och bredde ut mig. I h\u00f6stas, n\u00e4r jag l\u00e4ste en kurs i m\u00f6beldesign, spenderade jag ett antal kv\u00e4llar p\u00e5 golvet, tillsammans med tejprullar och fullstora pappmodeller.<\/p>\n<p>En bra plats \u00e4r oumb\u00e4rlig, men en annan viktig faktor \u00e4r s\u00e4llskapet. Ibland beh\u00f6ver man vara i en omv\u00e4xlande och livlig milj\u00f6 f\u00f6r s\u00e4tta fart p\u00e5 sig sj\u00e4lv. Ibland kan man bara beh\u00f6va lite bakgrundsljud, som f\u00f6rrymda toner ur n\u00e5gons h\u00f6rlurar, pennskrap och h\u00e4nder som sopar undan suddrester. St\u00e4mningen i rummet blir lite som ett kollektivt batteri att dra energi ur, t\u00e4t av kreativitet.<\/p>\n","protected":false},"excerpt":{"rendered":"<p>Jonny n\u00e4mnde n\u00e5got intressant i sin kommentar h\u00e4r nedanf\u00f6r. L\u00e5t mig citera! &#8221;Jag \u201dlider\u201d av samma \u00e5komma, \u00e4r som mest produktiv n\u00e5nstans mellan 12-03 vilket funkar d\u00e5ligt i kombination med jobb, men p\u00e5 jobbet s\u00e5 f\u00e5r jag ju saker gjort \u00e4ven p\u00e5 dagen s\u00e5 jag antar att det skulle funka om jag inte var hemma.&#8221; [&hellip;]<\/p>\n","protected":false},"author":111,"featured_media":0,"comment_status":"open","ping_status":"open","sticky":false,"template":"","format":"standard","meta":[],"categories":[204],"tags":[],"_links":{"self":[{"href":"https:\/\/kravallslojd.se\/wordpress\/index.php?rest_route=\/wp\/v2\/posts\/2665"}],"collection":[{"href":"https:\/\/kravallslojd.se\/wordpress\/index.php?rest_route=\/wp\/v2\/posts"}],"about":[{"href":"https:\/\/kravallslojd.se\/wordpress\/index.php?rest_route=\/wp\/v2\/types\/post"}],"author":[{"embeddable":true,"href":"https:\/\/kravallslojd.se\/wordpress\/index.php?rest_route=\/wp\/v2\/users\/111"}],"replies":[{"embeddable":true,"href":"https:\/\/kravallslojd.se\/wordpress\/index.php?rest_route=%2Fwp%2Fv2%2Fcomments&post=2665"}],"version-history":[{"count":2,"href":"https:\/\/kravallslojd.se\/wordpress\/index.php?rest_route=\/wp\/v2\/posts\/2665\/revisions"}],"predecessor-version":[{"id":2667,"href":"https:\/\/kravallslojd.se\/wordpress\/index.php?rest_route=\/wp\/v2\/posts\/2665\/revisions\/2667"}],"wp:attachment":[{"href":"https:\/\/kravallslojd.se\/wordpress\/index.php?rest_route=%2Fwp%2Fv2%2Fmedia&parent=2665"}],"wp:term":[{"taxonomy":"category","embeddable":true,"href":"https:\/\/kravallslojd.se\/wordpress\/index.php?rest_route=%2Fwp%2Fv2%2Fcategories&post=2665"},{"taxonomy":"post_tag","embeddable":true,"href":"https:\/\/kravallslojd.se\/wordpress\/index.php?rest_route=%2Fwp%2Fv2%2Ftags&post=2665"}],"curies":[{"name":"wp","href":"https:\/\/api.w.org\/{rel}","templated":true}]}}