{"id":2679,"date":"2010-03-03T19:33:51","date_gmt":"2010-03-03T18:33:51","guid":{"rendered":"http:\/\/kravallslojd.se\/wordpress\/?p=2679"},"modified":"2010-03-03T19:33:51","modified_gmt":"2010-03-03T18:33:51","slug":"endast-gud-ar-fullkomlig","status":"publish","type":"post","link":"https:\/\/kravallslojd.se\/wordpress\/?p=2679","title":{"rendered":"Endast gud \u00e4r fullkomlig"},"content":{"rendered":"<p><!-- \t\t@page { margin: 2cm } \t\tP { margin-bottom: 0.21cm } --><span style=\"font-family: Arial,sans-serif\">Hall\u00e5 i stugorna. <\/span><\/p>\n<p><span style=\"font-family: Arial,sans-serif\">Fast jag betvivlar att s\u00e5 m\u00e5nga av er bor i stugor. K\u00e4nns som mest tomtar och Petter och hans fyra getter bor i stugor.\u00c4nnu en dag till \u00e4nda, n\u00e4stan i alla fall. N\u00e4r man har sm\u00e5barn tar dagen slut ganska tidigt. I geng\u00e4ld b\u00f6rjar ocks\u00e5 n\u00e4sta dag tidigt vilket har v\u00e4ldigt f\u00e5 f\u00f6rdelar, om ens n\u00e5gra.<\/span><\/p>\n<p><span style=\"font-family: Arial,sans-serif\">Satt p\u00e5 mitt pendlart\u00e5g i dag och kom att t\u00e4nka p\u00e5 kl\u00e4dseln p\u00e5 s\u00e4tena. Vem g\u00f6r det tyget? Vem \u00e4r den skarpa designerhj\u00e4rnan bakom? Det finns tv\u00e5 varianter av s\u00e4teskl\u00e4dslar : De begripliga med symmetriska m\u00f6nster i enf\u00e4rgade nyanser \u2013 Sen finns de obegripliga som inneh\u00e5ller alla f\u00e4rger i l\u00e5dan och har ett m\u00f6nster som ser ut som n\u00e5gon har spillt, fast p\u00e5 80-talet. Kanske finns kaos-m\u00f6nstret f\u00f6r att det inte ska synas om n\u00e5gon kr\u00e4ks p\u00e5 det?<\/span><\/p>\n<p><span style=\"font-family: Arial,sans-serif\">Det h\u00e4r med symmetri i m\u00f6nster \u00e4r intressant tycker jag. Jag l\u00e4ste en mattekurs f\u00f6r ett tag sedan d\u00e4r l\u00e4raren best\u00e4mt h\u00e4vdade att all storslagen konst \u00e4r matematik och har proportioner enligt \u201dDet gyllene snittet\u201d. Visste ni f\u00f6rresten att spiralerna i en kotte eller i solrosens mitt, alltid \u00e4r ett \u201dFibonacci-tal\u201d till antalet. <\/span><\/p>\n<p><span style=\"font-family: Arial,sans-serif\">Men riktigt s\u00e5 enkelt som att allt som \u00e4r vackert \u00e4r proportionerligt och symmetriskt \u00e4r det inte tycker jag. \u00c4ven om vi \u00e4r biologiskt programmerade att k\u00e4nna oss lugna, attraherade eller tillfreds n\u00e4r vi betraktar proportionerliga bilder, f\u00f6rem\u00e5l eller personer, s\u00e5 \u00e4r vi i f\u00f6rsta hand kulturella varelser. Vi l\u00e5ter oss inte styras av biologi i samma utstr\u00e4ckning som av kultur. D\u00e4rf\u00f6r kommer v\u00e5r definition av vad som \u00e4r vackert, tilltalande och intressant att variera beroende p\u00e5 vem och utifr\u00e5n vilket sammanhang det betraktas.<\/span><\/p>\n<p><span style=\"font-family: Arial,sans-serif\">Personligen gillar jag asymmetri och lite fulhet. Kanske f\u00f6r att jag aldrig lyckas tillverka eller skapa n\u00e5got som \u00e4r utan fel eller fulhet. Om man tar m\u00e5nga fula och oj\u00e4mna saker och ordnar dem i ett symmetriskt m\u00f6nster s\u00e5 blir det oftast skitsnyggt. S\u00e5 g\u00f6r jag ofta f\u00f6r att f\u00e5 till ett bra m\u00f6nster. Det finns de som h\u00e4vdar att islamiska konstn\u00e4rer och hantverkare alltid har minst ett avsiktligt fel i sina alster eftersom det endast \u00e4r Allah som \u00e4r fullkomlig i sina skapelser. Jag gillar den tanken. Det \u00e4r ju v\u00e4rldens b\u00e4sta urs\u00e4kt. <\/span><\/p>\n","protected":false},"excerpt":{"rendered":"<p>Hall\u00e5 i stugorna. Fast jag betvivlar att s\u00e5 m\u00e5nga av er bor i stugor. K\u00e4nns som mest tomtar och Petter och hans fyra getter bor i stugor.\u00c4nnu en dag till \u00e4nda, n\u00e4stan i alla fall. N\u00e4r man har sm\u00e5barn tar dagen slut ganska tidigt. I geng\u00e4ld b\u00f6rjar ocks\u00e5 n\u00e4sta dag tidigt vilket har v\u00e4ldigt f\u00e5 [&hellip;]<\/p>\n","protected":false},"author":112,"featured_media":0,"comment_status":"open","ping_status":"open","sticky":false,"template":"","format":"standard","meta":[],"categories":[205],"tags":[],"_links":{"self":[{"href":"https:\/\/kravallslojd.se\/wordpress\/index.php?rest_route=\/wp\/v2\/posts\/2679"}],"collection":[{"href":"https:\/\/kravallslojd.se\/wordpress\/index.php?rest_route=\/wp\/v2\/posts"}],"about":[{"href":"https:\/\/kravallslojd.se\/wordpress\/index.php?rest_route=\/wp\/v2\/types\/post"}],"author":[{"embeddable":true,"href":"https:\/\/kravallslojd.se\/wordpress\/index.php?rest_route=\/wp\/v2\/users\/112"}],"replies":[{"embeddable":true,"href":"https:\/\/kravallslojd.se\/wordpress\/index.php?rest_route=%2Fwp%2Fv2%2Fcomments&post=2679"}],"version-history":[{"count":2,"href":"https:\/\/kravallslojd.se\/wordpress\/index.php?rest_route=\/wp\/v2\/posts\/2679\/revisions"}],"predecessor-version":[{"id":2681,"href":"https:\/\/kravallslojd.se\/wordpress\/index.php?rest_route=\/wp\/v2\/posts\/2679\/revisions\/2681"}],"wp:attachment":[{"href":"https:\/\/kravallslojd.se\/wordpress\/index.php?rest_route=%2Fwp%2Fv2%2Fmedia&parent=2679"}],"wp:term":[{"taxonomy":"category","embeddable":true,"href":"https:\/\/kravallslojd.se\/wordpress\/index.php?rest_route=%2Fwp%2Fv2%2Fcategories&post=2679"},{"taxonomy":"post_tag","embeddable":true,"href":"https:\/\/kravallslojd.se\/wordpress\/index.php?rest_route=%2Fwp%2Fv2%2Ftags&post=2679"}],"curies":[{"name":"wp","href":"https:\/\/api.w.org\/{rel}","templated":true}]}}