{"id":2685,"date":"2010-03-05T12:47:15","date_gmt":"2010-03-05T11:47:15","guid":{"rendered":"http:\/\/kravallslojd.se\/wordpress\/?p=2685"},"modified":"2010-03-05T12:47:15","modified_gmt":"2010-03-05T11:47:15","slug":"slojd-ar-hallbar-utveckling","status":"publish","type":"post","link":"https:\/\/kravallslojd.se\/wordpress\/?p=2685","title":{"rendered":"Sl\u00f6jd \u00e4r h\u00e5llbar utveckling"},"content":{"rendered":"<p>Jag g\u00e5r i v\u00e4ntans tider &#8211; tror jag.<\/p>\n<p>L\u00e4mpligt nog \u00e4r mina f\u00f6r\u00e4ldrar bortresta och jag misst\u00e4nker att deras f\u00e5r nu ska till att lamma. Eftersom jag \u00e5tagit mig att sk\u00f6ta om djuren medan de \u00e4r borta, blir det jag som ansvarar f\u00f6r eventuell avkomma och dess fortsatta \u00f6verlevnad. Och jag som har hemtenta&#8230;<\/p>\n<p>Att ha f\u00e5r inneb\u00e4r bland annat att ha tillg\u00e5ng till ett berg av ull varje g\u00e5ng de blir klippta. Jag f\u00e5r lite \u00e5ngest av det d\u00e4r berget eftersom jag inte alltid tar reda p\u00e5 det och g\u00f6r n\u00e5got med det. Jag vet vad man kan anv\u00e4nda ullen till. Det finns tusen m\u00f6jligheter. Samtidigt \u00e4r det n\u00e5got bra med det d\u00e4r d\u00e5liga samvetet. Det betyder n\u00e4mligen att jag har insikt i vilka m\u00f6jligheter vi har att anv\u00e4nda oss av det material som finns runtomkring, bara vi vill.<\/p>\n<p>Dagens skola ska verka f\u00f6r h\u00e5llbar utveckling. H\u00e5llbar utveckling kan ju inneb\u00e4ra en massa olika saker som ett h\u00e5llbart demokratiskt och j\u00e4mst\u00e4llt samh\u00e4lle, men ocks\u00e5 att ta till vara ist\u00e4llet f\u00f6r att k\u00f6pa nytt. Utbildning i sl\u00f6jdtekniker ger insikt i hur naturens material kan anv\u00e4ndas och tas tillvara. M\u00e5nga tycker kanske att sl\u00f6jd \u00e4r ett kostsamt och on\u00f6digt \u00e4mne men tillsammans med hemkunskap kan man skapa\u00a0 gyllene tillf\u00e4llen att p\u00e5verka attityder om hur vi kan hush\u00e5lla med v\u00e5ra resurser. Som alla \u00e4mnen i skolan \u00e4r det upp till l\u00e4raren vad man v\u00e4ljer att ta upp och p\u00e5 vilket s\u00e4tt. N\u00e4r jag t\u00e4nker tillbaka p\u00e5 min egen skolg\u00e5ng innebar sysl\u00f6jdslektionen att i f\u00f6rsta hand vara tyst och i andra hand sy p\u00e5 symaskin och att inte g\u00f6ra fel. I st\u00e4llet kunde jag ha f\u00e5tt l\u00e4ra mig en rad olika textila tekniker och utmanas i att skapa n\u00e5got nytt- Det fattar man ju nu n\u00e4r man kan en del&#8230;\u00a0 Att \u00e5terknyta banden till gamla tekniker g\u00f6r ocks\u00e5 att dagens ungdomar ser v\u00e4rdet i bevarandet av gamla m\u00f6nster, material och byggnader. Nu menar jag inte att alla ska bevara det gamla och att sl\u00f6jd endast handlar om att anv\u00e4nda naturmaterial &#8211; Men det finns ett v\u00e4rde i att framtidens vuxna kommer att bry sig om hur och varf\u00f6r n\u00e5got \u00e4r producerat.<\/p>\n<p>Nu k\u00e4nner jag att jag varit s\u00e5 seri\u00f6s och vuxen i mitt bloggande s\u00e5 jag borde v\u00e4ga upp den h\u00e4r akademiska tyngden med n\u00e5got trivialt&#8230; men det kommer inget.<\/p>\n","protected":false},"excerpt":{"rendered":"<p>Jag g\u00e5r i v\u00e4ntans tider &#8211; tror jag. L\u00e4mpligt nog \u00e4r mina f\u00f6r\u00e4ldrar bortresta och jag misst\u00e4nker att deras f\u00e5r nu ska till att lamma. Eftersom jag \u00e5tagit mig att sk\u00f6ta om djuren medan de \u00e4r borta, blir det jag som ansvarar f\u00f6r eventuell avkomma och dess fortsatta \u00f6verlevnad. Och jag som har hemtenta&#8230; Att [&hellip;]<\/p>\n","protected":false},"author":112,"featured_media":0,"comment_status":"open","ping_status":"open","sticky":false,"template":"","format":"standard","meta":[],"categories":[205],"tags":[],"_links":{"self":[{"href":"https:\/\/kravallslojd.se\/wordpress\/index.php?rest_route=\/wp\/v2\/posts\/2685"}],"collection":[{"href":"https:\/\/kravallslojd.se\/wordpress\/index.php?rest_route=\/wp\/v2\/posts"}],"about":[{"href":"https:\/\/kravallslojd.se\/wordpress\/index.php?rest_route=\/wp\/v2\/types\/post"}],"author":[{"embeddable":true,"href":"https:\/\/kravallslojd.se\/wordpress\/index.php?rest_route=\/wp\/v2\/users\/112"}],"replies":[{"embeddable":true,"href":"https:\/\/kravallslojd.se\/wordpress\/index.php?rest_route=%2Fwp%2Fv2%2Fcomments&post=2685"}],"version-history":[{"count":1,"href":"https:\/\/kravallslojd.se\/wordpress\/index.php?rest_route=\/wp\/v2\/posts\/2685\/revisions"}],"predecessor-version":[{"id":2686,"href":"https:\/\/kravallslojd.se\/wordpress\/index.php?rest_route=\/wp\/v2\/posts\/2685\/revisions\/2686"}],"wp:attachment":[{"href":"https:\/\/kravallslojd.se\/wordpress\/index.php?rest_route=%2Fwp%2Fv2%2Fmedia&parent=2685"}],"wp:term":[{"taxonomy":"category","embeddable":true,"href":"https:\/\/kravallslojd.se\/wordpress\/index.php?rest_route=%2Fwp%2Fv2%2Fcategories&post=2685"},{"taxonomy":"post_tag","embeddable":true,"href":"https:\/\/kravallslojd.se\/wordpress\/index.php?rest_route=%2Fwp%2Fv2%2Ftags&post=2685"}],"curies":[{"name":"wp","href":"https:\/\/api.w.org\/{rel}","templated":true}]}}