{"id":2705,"date":"2010-03-14T11:06:31","date_gmt":"2010-03-14T10:06:31","guid":{"rendered":"http:\/\/kravallslojd.se\/wordpress\/?p=2705"},"modified":"2010-03-14T11:06:31","modified_gmt":"2010-03-14T10:06:31","slug":"frid-och-frojd","status":"publish","type":"post","link":"https:\/\/kravallslojd.se\/wordpress\/?p=2705","title":{"rendered":"Frid och fr\u00f6jd?"},"content":{"rendered":"<p><div id=\"attachment_2713\" style=\"width: 310px\" class=\"wp-caption aligncenter\"><a href=\"http:\/\/kravallslojd.se\/wordpress\/wp-content\/uploads\/2010\/03\/stj\u00e4rnor1.jpg\" ><img aria-describedby=\"caption-attachment-2713\" decoding=\"async\" loading=\"lazy\" class=\"size-medium wp-image-2713\" src=\"http:\/\/kravallslojd.se\/wordpress\/wp-content\/uploads\/2010\/03\/stj\u00e4rnor1-300x225.jpg\" alt=\"\" width=\"300\" height=\"225\" srcset=\"https:\/\/kravallslojd.se\/wordpress\/wp-content\/uploads\/2010\/03\/stj\u00e4rnor1-300x225.jpg 300w, https:\/\/kravallslojd.se\/wordpress\/wp-content\/uploads\/2010\/03\/stj\u00e4rnor1.jpg 768w\" sizes=\"(max-width: 300px) 100vw, 300px\" \/><\/a><p id=\"caption-attachment-2713\" class=\"wp-caption-text\">Glasgatusten i Roseng\u00e5rden<\/p><\/div><\/p>\n<p>Jag \u00e4r inte f\u00f6dd i \u00d6sterrike, Saltsj\u00f6baden eller Moheda som resten av familjen, utan jag f\u00f6ddes i <em>&#8221;Sockerbagaren som bor i stadens&#8221;<\/em> hus i Karlshamn. Alice Tegn\u00e9rs sockerbagare i visan om honom. Jag gick dit h\u00e4romdan f\u00f6r att se om jag k\u00e4nde igen den gamla innerg\u00e5rden, jag var bara drygt 2 n\u00e4r vi flyttade d\u00e4rifr\u00e5n. K\u00e4nde igen det fr\u00e5n foton, men inte i minnet. D\u00e4remot n\u00e4r jag gick runt h\u00f6rnet om kvarteret rusade pl\u00f6tsligt lyckan upp i hj\u00e4rnan n\u00e4r jag s\u00e5g en helt anonym d\u00f6rr, och jag kom pl\u00f6tsligt ih\u00e5g att d\u00e4r l\u00e5g en godisbutik! S\u00e5dan kapacitet har hj\u00e4rnan att komma ih\u00e5g dofter och smaker, s\u00e4rskilt goda, och d\u00e4rmed \u00e4r den \u00f6verl\u00e4gsen kanske t om minnet som sitter i h\u00e4nderna? Eller kanske inte, f\u00f6r h\u00e4nderna var snabbt d\u00e4r och ryckte frenetiskt i handtaget&#8230;<\/p>\n<p>Jag h\u00e5ller p\u00e5 att jobba med ljusf\u00f6rslag p\u00e5 tema Alice Tegn\u00e9r, och \u00e4ven andra lekfulla interaktiva utsmyckningar som kan roa barn och glada vuxna, det \u00e4r d\u00e4rf\u00f6r jag rotar lite i det f\u00f6rg\u00e5ngna. Vi har lyckats att f\u00e5 glasstenarna att reagera p\u00e5 r\u00f6relse, s\u00e5 att motiven aktiveras n\u00e4r man g\u00e5r f\u00f6rbi dem. S\u00e5 sm\u00e5ningom ska de ocks\u00e5 kunna reagera p\u00e5 ljud, s\u00e5 n\u00e4r man t ex sjunger en stump s\u00e5 aktiveras glasgatustenarna. Det kan bli b\u00e5de vackert och roligt tror jag.<\/p>\n<p>Ibland l\u00e4gger vi musik direkt till ljusinstallationerna, det ger en extra dimension, och s\u00e5 \u00e4r det ju roligt att g\u00f6ra saker tillsammans\u00a0 med glada kreativa m\u00e4nniskor. I sommar g\u00f6r jag, Anton Ingvarsson och Niklas Gagner en ljud-och ljusinstallation i en gammal j\u00e4rnv\u00e4gstunnel i Karlskrona n\u00e4r de har VIVA festival 1-2 augusti. D\u00e5 skriver de fantastisk musik, s\u00e5 vi bygger upp en st\u00e4mning som gl\u00e4der m\u00e5nga sinnen hoppas vi. Har ni v\u00e4garna f\u00f6rbi s\u00e5 passa p\u00e5 att f\u00e5 lite tunnelseende som hj\u00e4rnan kanske kan minnas l\u00e4nge.<\/p>\n<p>Att mixa och blanda olika kulturformer-musik, teater, konst, film, dans, rock, jazz, s\u00e5pbubblor \u00e4r kul och ocks\u00e5 n\u00f6dv\u00e4ndigt tror jag, s\u00e4rskilt i mindre st\u00e4der d\u00e4r f\u00f6r &#8221;smala&#8221; kulturyttringar och arrangemang riskerar att f\u00e5 f\u00f6r liten publik annars. Men det kr\u00e4ver f\u00f6rst\u00e5s lite nyfikenhet och generositet\u00a0 att sl\u00e4ppa in andra \u00e4n n\u00e4rmaste grannen och moster Bettan typ.<\/p>\n<p>Oj vad en vecka g\u00e5r fort! Nu ska jag st\u00e4nga min Bloggal\u00e5da f\u00f6r denna g\u00e5ng. Hoppas vi ses i vimlet!<\/p>\n<p>Ut nu och m\u00f6t v\u00e5ren och sprid era fina alster frikostigt \u00f6ver nejderna! Frid och fr\u00f6jd och mera sl\u00f6jd!<\/p>\n<p>\u00d6nskar\/ Carin Pleininger<\/p>\n","protected":false},"excerpt":{"rendered":"<p>Jag \u00e4r inte f\u00f6dd i \u00d6sterrike, Saltsj\u00f6baden eller Moheda som resten av familjen, utan jag f\u00f6ddes i &#8221;Sockerbagaren som bor i stadens&#8221; hus i Karlshamn. Alice Tegn\u00e9rs sockerbagare i visan om honom. Jag gick dit h\u00e4romdan f\u00f6r att se om jag k\u00e4nde igen den gamla innerg\u00e5rden, jag var bara drygt 2 n\u00e4r vi flyttade d\u00e4rifr\u00e5n. [&hellip;]<\/p>\n","protected":false},"author":113,"featured_media":0,"comment_status":"open","ping_status":"open","sticky":false,"template":"","format":"standard","meta":[],"categories":[206],"tags":[],"_links":{"self":[{"href":"https:\/\/kravallslojd.se\/wordpress\/index.php?rest_route=\/wp\/v2\/posts\/2705"}],"collection":[{"href":"https:\/\/kravallslojd.se\/wordpress\/index.php?rest_route=\/wp\/v2\/posts"}],"about":[{"href":"https:\/\/kravallslojd.se\/wordpress\/index.php?rest_route=\/wp\/v2\/types\/post"}],"author":[{"embeddable":true,"href":"https:\/\/kravallslojd.se\/wordpress\/index.php?rest_route=\/wp\/v2\/users\/113"}],"replies":[{"embeddable":true,"href":"https:\/\/kravallslojd.se\/wordpress\/index.php?rest_route=%2Fwp%2Fv2%2Fcomments&post=2705"}],"version-history":[{"count":9,"href":"https:\/\/kravallslojd.se\/wordpress\/index.php?rest_route=\/wp\/v2\/posts\/2705\/revisions"}],"predecessor-version":[{"id":2716,"href":"https:\/\/kravallslojd.se\/wordpress\/index.php?rest_route=\/wp\/v2\/posts\/2705\/revisions\/2716"}],"wp:attachment":[{"href":"https:\/\/kravallslojd.se\/wordpress\/index.php?rest_route=%2Fwp%2Fv2%2Fmedia&parent=2705"}],"wp:term":[{"taxonomy":"category","embeddable":true,"href":"https:\/\/kravallslojd.se\/wordpress\/index.php?rest_route=%2Fwp%2Fv2%2Fcategories&post=2705"},{"taxonomy":"post_tag","embeddable":true,"href":"https:\/\/kravallslojd.se\/wordpress\/index.php?rest_route=%2Fwp%2Fv2%2Ftags&post=2705"}],"curies":[{"name":"wp","href":"https:\/\/api.w.org\/{rel}","templated":true}]}}