{"id":2717,"date":"2010-03-15T08:15:51","date_gmt":"2010-03-15T07:15:51","guid":{"rendered":"http:\/\/kravallslojd.se\/wordpress\/?p=2717"},"modified":"2010-03-15T08:15:51","modified_gmt":"2010-03-15T07:15:51","slug":"villkommen","status":"publish","type":"post","link":"https:\/\/kravallslojd.se\/wordpress\/?p=2717","title":{"rendered":"Villkommen"},"content":{"rendered":"<p>Hej och v\u00e4lkomna till min bloggvecka!<br \/>\nJust den h\u00e4r veckan kan bli intressant f\u00f6r skrivande\/l\u00e4sande d\u00e5 jag \u00e4r inne p\u00e5 andra veckan i mitt projektarbete (examensarbete).<\/p>\n<p>Mitt projekt \u00e4r att g\u00f6ra en k\u00f6kssoffa, jag hade planerat en klassisk stil f\u00f6rst &#8211; Gustaviansk.<br \/>\nMen efter en veckas skissande uppt\u00e4ckte jag att det inte var n\u00e5got av mig i den, s\u00e5 nu \u00e4r jag inne p\u00e5 slutspurten p\u00e5 min nya ritning av en egendesignad soffa! Ikv\u00e4ll t\u00e4nkte jag l\u00e4gga upp en bild p\u00e5 den f\u00e4rdiga ritningen s\u00e5 ni f\u00e5r se.<\/p>\n<p>Efter det kommer den h\u00e4r veckan bli mycket materialarbete men jag har t\u00e4nkt dela med mig av lite \u00e4ldre kreationer, skulle kunna b\u00f6rja med det. H\u00e4r kommer ett smakprov!<\/p>\n<p>\/Emil<br \/>\n<a href=\"http:\/\/kravallslojd.se\/wordpress\/wp-content\/uploads\/2010\/03\/Laggk\u00e4rl-framifr\u00e5n.jpg\" ><img decoding=\"async\" loading=\"lazy\" class=\"alignnone size-large wp-image-2718\" src=\"http:\/\/kravallslojd.se\/wordpress\/wp-content\/uploads\/2010\/03\/Laggk\u00e4rl-framifr\u00e5n-1024x701.jpg\" alt=\"Laggk\u00e4rl, furu handhyvlad m grankvist som &quot;rep&quot;\" width=\"1024\" height=\"701\" srcset=\"https:\/\/kravallslojd.se\/wordpress\/wp-content\/uploads\/2010\/03\/Laggk\u00e4rl-framifr\u00e5n.jpg 1024w, https:\/\/kravallslojd.se\/wordpress\/wp-content\/uploads\/2010\/03\/Laggk\u00e4rl-framifr\u00e5n-300x205.jpg 300w\" sizes=\"(max-width: 1024px) 100vw, 1024px\" \/><\/a><\/p>\n","protected":false},"excerpt":{"rendered":"<p>Hej och v\u00e4lkomna till min bloggvecka! Just den h\u00e4r veckan kan bli intressant f\u00f6r skrivande\/l\u00e4sande d\u00e5 jag \u00e4r inne p\u00e5 andra veckan i mitt projektarbete (examensarbete). Mitt projekt \u00e4r att g\u00f6ra en k\u00f6kssoffa, jag hade planerat en klassisk stil f\u00f6rst &#8211; Gustaviansk. Men efter en veckas skissande uppt\u00e4ckte jag att det inte var n\u00e5got av [&hellip;]<\/p>\n","protected":false},"author":114,"featured_media":0,"comment_status":"open","ping_status":"open","sticky":false,"template":"","format":"standard","meta":[],"categories":[207],"tags":[],"_links":{"self":[{"href":"https:\/\/kravallslojd.se\/wordpress\/index.php?rest_route=\/wp\/v2\/posts\/2717"}],"collection":[{"href":"https:\/\/kravallslojd.se\/wordpress\/index.php?rest_route=\/wp\/v2\/posts"}],"about":[{"href":"https:\/\/kravallslojd.se\/wordpress\/index.php?rest_route=\/wp\/v2\/types\/post"}],"author":[{"embeddable":true,"href":"https:\/\/kravallslojd.se\/wordpress\/index.php?rest_route=\/wp\/v2\/users\/114"}],"replies":[{"embeddable":true,"href":"https:\/\/kravallslojd.se\/wordpress\/index.php?rest_route=%2Fwp%2Fv2%2Fcomments&post=2717"}],"version-history":[{"count":1,"href":"https:\/\/kravallslojd.se\/wordpress\/index.php?rest_route=\/wp\/v2\/posts\/2717\/revisions"}],"predecessor-version":[{"id":2719,"href":"https:\/\/kravallslojd.se\/wordpress\/index.php?rest_route=\/wp\/v2\/posts\/2717\/revisions\/2719"}],"wp:attachment":[{"href":"https:\/\/kravallslojd.se\/wordpress\/index.php?rest_route=%2Fwp%2Fv2%2Fmedia&parent=2717"}],"wp:term":[{"taxonomy":"category","embeddable":true,"href":"https:\/\/kravallslojd.se\/wordpress\/index.php?rest_route=%2Fwp%2Fv2%2Fcategories&post=2717"},{"taxonomy":"post_tag","embeddable":true,"href":"https:\/\/kravallslojd.se\/wordpress\/index.php?rest_route=%2Fwp%2Fv2%2Ftags&post=2717"}],"curies":[{"name":"wp","href":"https:\/\/api.w.org\/{rel}","templated":true}]}}