{"id":2990,"date":"2010-05-03T14:33:09","date_gmt":"2010-05-03T13:33:09","guid":{"rendered":"http:\/\/kravallslojd.se\/wordpress\/?p=2990"},"modified":"2010-05-03T14:33:09","modified_gmt":"2010-05-03T13:33:09","slug":"att-vara-konsulent","status":"publish","type":"post","link":"https:\/\/kravallslojd.se\/wordpress\/?p=2990","title":{"rendered":"Att vara konsulent!"},"content":{"rendered":"<p>Idag t\u00e4nkte jag beskriva hur en vanlig dag som hemsl\u00f6jdskonsulent kan se ut.<\/p>\n<p>\u00a0B\u00f6rjar dagen med att st\u00e4mpla in, vi har sedan januari 2010 f\u00e5tt st\u00e4mpelklocka. Min arbetsgivare, J\u00e4mtlands l\u00e4ns landstings revisorer anser att det beh\u00f6vs. Det orsakar mycket merarbete och diskussioner i fikarummet. Det har hur som hellst lett till att man r\u00e4knar minuterna annorlunda \u00e4n tidigare. Efter att ha kollat e-posten var det dags att g\u00f6ra ett uskick till sl\u00f6jdare, konsthantverkare och sl\u00f6jdbutiker. Vi inbjuder dessa i J\u00e4mtlands l\u00e4n till att medverka p\u00e5 en hemsida, en formguide d\u00e4r turister och andra som s\u00f6ker sl\u00f6jd och konsthantverk f\u00f6rhoppningsvis kan hitta det de letar efter. Jag hoppas att det blir en bra sida och att m\u00e5nga anm\u00e4ler sitt intresse. Det har varit mycket jobb innan med att v\u00e4lja och hitta de som kan t\u00e4nkas vara med p\u00e5 sidan. Vi har en bra databas med sl\u00f6jdare och andra d\u00e4r man kan v\u00e4lja ut olika grupper ur databasen. Problemet \u00e4r bara att h\u00e5lla databasen uppdaterad.<\/p>\n<p>\u00a0Efter f\u00f6rmiddagsfikat hade jag telefonm\u00f6te med en scoutkonsulent och min kollega fr\u00e5n V\u00e4sterbotten. De hade b\u00f6rjat fundera p\u00e5 ett kombinerat sl\u00f6jd- och scoutl\u00e4ger i Villhelmina p\u00e5 h\u00f6sten. Jag var med p\u00e5 m\u00f6tet f\u00f6r att f\u00e5 mer info och f\u00f6r att se om det h\u00e4r var n\u00e5got f\u00f6r oss att samarbeta om. Ja, sl\u00f6jd och scouting har m\u00e5nga gemensamma ber\u00f6ringspunkter, men vad f\u00e5r J\u00e4mtlands l\u00e4n ut av att jag hj\u00e4lper till i V\u00e4sterbotten?<\/p>\n<p>\u00a0Vi, konsulenterna i J\u00e4mtlands l\u00e4n \u00e4ger ca 18000 diabilder som har med sl\u00f6jd att g\u00f6ra. De \u00e4ldsta \u00e4r fr\u00e5n 60-talet. De mesta bilderna \u00e4r fr\u00e5n inventeringar som skedde f\u00f6r l\u00e4nge sen, men det finns ocks\u00e5 bilder fr\u00e5n kursverksamhet och dylikt. P\u00e5 90-talet skrevs bilderna in i en databas, men bilderna gick inte att se d\u00e4r, man fick ta bildnumret och titta p\u00e5 det i p\u00e4rmen. Sedan n\u00e5gra m\u00e5nader tillbaka har vi genom arbetsf\u00f6rmedlingen f\u00e5tt en kvinna som scannar in bilderna och l\u00e4gger in dem i databasen. Hon fick lite kr\u00e5ngel med n\u00e5gra av bilderna som jag fick hj\u00e4lpa henne med.<\/p>\n<p>\u00a0Efter lunch hade min kollega, jag och en webbmakare ett m\u00f6te om att bygga den tidigaren\u00e4mnda hemsidan som ska marknadsf\u00f6ra sl\u00f6jdare och konsthantverkare. Vi pratade om en massa tekniskt, formgivning och olika s\u00e4tt att bygga upp sidan. Aprop\u00e5 formgivningen s\u00e5 har vi anlitat en ung tjej som gjort v\u00e5r hemsida ocks\u00e5. Hon \u00e4r dessutom med i Svenska turistf\u00f6reningens t\u00e4vling Folkdr\u00e4kt 2.0. L\u00e4s mer om t\u00e4vlingen p\u00e5 <a href=\"http:\/\/www.svenskaturistforeningen.se\/folkdrakt\/\" title=\"Svenska turistf\u00f6reningen\"  target=\"_blank\">www.svenskaturistforeningen.se\/folkdrakt\/<\/a><\/p>\n<p><a href=\"http:\/\/kravallslojd.se\/wordpress\/wp-content\/uploads\/2010\/05\/437.jpg\" ><img decoding=\"async\" loading=\"lazy\" class=\"aligncenter size-medium wp-image-2991\" src=\"http:\/\/kravallslojd.se\/wordpress\/wp-content\/uploads\/2010\/05\/437-300x224.jpg\" alt=\"\" width=\"300\" height=\"224\" srcset=\"https:\/\/kravallslojd.se\/wordpress\/wp-content\/uploads\/2010\/05\/437-300x224.jpg 300w, https:\/\/kravallslojd.se\/wordpress\/wp-content\/uploads\/2010\/05\/437.jpg 1024w\" sizes=\"(max-width: 300px) 100vw, 300px\" \/><\/a><\/p>\n<p>\u00a0I \u00e5r f\u00f6rs\u00f6ker jag f\u00f6rdjupa mig i de \u00e4ldre svepen fr\u00e5n J\u00e4mtlands l\u00e4n. Det finns m\u00e5nga gamla svep h\u00e4r. En del med skuren dekor, andra med st\u00e4mplad, somliga \u00e4r m\u00e5lade, andra \u00e4r helt obehandlade. H\u00e4r \u00e4r en av de finaste jag vet!<\/p>\n","protected":false},"excerpt":{"rendered":"<p>Idag t\u00e4nkte jag beskriva hur en vanlig dag som hemsl\u00f6jdskonsulent kan se ut. \u00a0B\u00f6rjar dagen med att st\u00e4mpla in, vi har sedan januari 2010 f\u00e5tt st\u00e4mpelklocka. Min arbetsgivare, J\u00e4mtlands l\u00e4ns landstings revisorer anser att det beh\u00f6vs. Det orsakar mycket merarbete och diskussioner i fikarummet. Det har hur som hellst lett till att man r\u00e4knar minuterna [&hellip;]<\/p>\n","protected":false},"author":118,"featured_media":0,"comment_status":"open","ping_status":"open","sticky":false,"template":"","format":"standard","meta":[],"categories":[227],"tags":[],"_links":{"self":[{"href":"https:\/\/kravallslojd.se\/wordpress\/index.php?rest_route=\/wp\/v2\/posts\/2990"}],"collection":[{"href":"https:\/\/kravallslojd.se\/wordpress\/index.php?rest_route=\/wp\/v2\/posts"}],"about":[{"href":"https:\/\/kravallslojd.se\/wordpress\/index.php?rest_route=\/wp\/v2\/types\/post"}],"author":[{"embeddable":true,"href":"https:\/\/kravallslojd.se\/wordpress\/index.php?rest_route=\/wp\/v2\/users\/118"}],"replies":[{"embeddable":true,"href":"https:\/\/kravallslojd.se\/wordpress\/index.php?rest_route=%2Fwp%2Fv2%2Fcomments&post=2990"}],"version-history":[{"count":4,"href":"https:\/\/kravallslojd.se\/wordpress\/index.php?rest_route=\/wp\/v2\/posts\/2990\/revisions"}],"predecessor-version":[{"id":2995,"href":"https:\/\/kravallslojd.se\/wordpress\/index.php?rest_route=\/wp\/v2\/posts\/2990\/revisions\/2995"}],"wp:attachment":[{"href":"https:\/\/kravallslojd.se\/wordpress\/index.php?rest_route=%2Fwp%2Fv2%2Fmedia&parent=2990"}],"wp:term":[{"taxonomy":"category","embeddable":true,"href":"https:\/\/kravallslojd.se\/wordpress\/index.php?rest_route=%2Fwp%2Fv2%2Fcategories&post=2990"},{"taxonomy":"post_tag","embeddable":true,"href":"https:\/\/kravallslojd.se\/wordpress\/index.php?rest_route=%2Fwp%2Fv2%2Ftags&post=2990"}],"curies":[{"name":"wp","href":"https:\/\/api.w.org\/{rel}","templated":true}]}}