{"id":3048,"date":"2010-05-20T20:19:48","date_gmt":"2010-05-20T19:19:48","guid":{"rendered":"http:\/\/kravallslojd.se\/wordpress\/?p=3048"},"modified":"2010-05-20T20:22:44","modified_gmt":"2010-05-20T19:22:44","slug":"antligen-shorts","status":"publish","type":"post","link":"https:\/\/kravallslojd.se\/wordpress\/?p=3048","title":{"rendered":"\u00c4ntligen shorts"},"content":{"rendered":"<p>Solen forts\u00e4tter att steka! S\u00e5 dagen till \u00e4ra har jag premi\u00e4r anv\u00e4nt mina short shorts som jag sydde i januari i hopp om b\u00e4ttre tider. Och nu \u00e4r dom h\u00e4r! I flera \u00e5r har jag g\u00e5tt i shorts som slutar nedanf\u00f6r kn\u00e4na och som knappt f\u00f6rtj\u00e4nar att kallas f\u00f6r shorts. <a href=\"http:\/\/kravallslojd.se\/wordpress\/wp-content\/uploads\/2010\/05\/bilden2.jpg\" ><img decoding=\"async\" loading=\"lazy\" class=\"alignright size-medium wp-image-3055\" src=\"http:\/\/kravallslojd.se\/wordpress\/wp-content\/uploads\/2010\/05\/bilden2-300x225.jpg\" alt=\"\" width=\"300\" height=\"225\" srcset=\"https:\/\/kravallslojd.se\/wordpress\/wp-content\/uploads\/2010\/05\/bilden2-300x225.jpg 300w, https:\/\/kravallslojd.se\/wordpress\/wp-content\/uploads\/2010\/05\/bilden2.jpg 480w\" sizes=\"(max-width: 300px) 100vw, 300px\" \/><\/a> Jag vet inte n\u00e4r mina l\u00e5r s\u00e5g solen senast&#8230; 1995 kanske. Men nu \u00e4r det slut med det! Idag \u00e5kte l\u00e5ren fram!<br \/>\nH\u00e4r p\u00e5 skolan serveras middagen kl 16.30 varje vardag, vilket jag tycker \u00e4r f\u00f6r tidigt!<br \/>\nJag hinner inte bli hungrig efter lunchen som serveras kl 12.00. Ibland tar jag en rask promenad precis f\u00f6re middagen f\u00f6r att kanske framkalla liiite hunger. Jag gjorde det idag&#8230; ikl\u00e4dd short shorts.<br \/>\nN\u00e4r jag promenerar som b\u00e4st passerar det en volvo amazon full med killar i jag skulle tippa mellan 18\u00a0och 20 \u00e5rs \u00e5ldern. Dom \u00e5ker \u00e5t samma h\u00e5ll som jag promenerar och tittar p\u00e5 mej med en v\u00e4ldig entusiasm n\u00e4r dom k\u00f6r f\u00f6rbi, varp\u00e5 en av dom vevar ner rutan och ropar \u201dSNYGG R\u00d6V!\u201d.<br \/>\n\u201dTack!\u201d t\u00e4nkte jag. T\u00e4nk s\u00e5 mycket gl\u00e4dje ett par sm\u00e5 shorts kan frambringa :)<\/p>\n<p><a href=\"http:\/\/kravallslojd.se\/wordpress\/wp-content\/uploads\/2010\/05\/bild-av-mej-hoppandes2.jpg\" ><img decoding=\"async\" loading=\"lazy\" class=\"alignnone size-medium wp-image-3054\" src=\"http:\/\/kravallslojd.se\/wordpress\/wp-content\/uploads\/2010\/05\/bild-av-mej-hoppandes2-224x300.jpg\" alt=\"\" width=\"224\" height=\"300\" srcset=\"https:\/\/kravallslojd.se\/wordpress\/wp-content\/uploads\/2010\/05\/bild-av-mej-hoppandes2-224x300.jpg 224w, https:\/\/kravallslojd.se\/wordpress\/wp-content\/uploads\/2010\/05\/bild-av-mej-hoppandes2.jpg 461w\" sizes=\"(max-width: 224px) 100vw, 224px\" \/><\/a><\/p>\n<p>Med min jacka g\u00e5r det l\u00e5ngsamt fram\u00e5t. Jag ska g\u00f6ra en dragkedje\u00f6ppning l\u00e4ngst ner p\u00e5 b\u00e5da \u00e4rmarna. Men det \u00e4r lite klurigt. S\u00e4rskilt n\u00e4r man ska dit med foder ocks\u00e5. Jag har s\u00e5nt d\u00e4r fiberfill som \u00e4r fastklistrat p\u00e5 ett tunt fodertyg. Jag kommer nog p\u00e5 en l\u00f6sning p\u00e5 det d\u00e4r med dragkedjan tillsammans med min l\u00e4rare s\u00e5 fort solen g\u00e5r i moln.<\/p>\n<p>Ska g\u00e5 och repa musik nu!<\/p>\n<p>info om v\u00e5ran spelning:<\/p>\n<p>Pub Freja<br \/>\nL\u00f6rdag 22\/5<br \/>\nkl 18.00<\/p>\n","protected":false},"excerpt":{"rendered":"<p>Solen forts\u00e4tter att steka! S\u00e5 dagen till \u00e4ra har jag premi\u00e4r anv\u00e4nt mina short shorts som jag sydde i januari i hopp om b\u00e4ttre tider. Och nu \u00e4r dom h\u00e4r! I flera \u00e5r har jag g\u00e5tt i shorts som slutar nedanf\u00f6r kn\u00e4na och som knappt f\u00f6rtj\u00e4nar att kallas f\u00f6r shorts. Jag vet inte n\u00e4r mina [&hellip;]<\/p>\n","protected":false},"author":119,"featured_media":0,"comment_status":"open","ping_status":"open","sticky":false,"template":"","format":"standard","meta":[],"categories":[228],"tags":[],"_links":{"self":[{"href":"https:\/\/kravallslojd.se\/wordpress\/index.php?rest_route=\/wp\/v2\/posts\/3048"}],"collection":[{"href":"https:\/\/kravallslojd.se\/wordpress\/index.php?rest_route=\/wp\/v2\/posts"}],"about":[{"href":"https:\/\/kravallslojd.se\/wordpress\/index.php?rest_route=\/wp\/v2\/types\/post"}],"author":[{"embeddable":true,"href":"https:\/\/kravallslojd.se\/wordpress\/index.php?rest_route=\/wp\/v2\/users\/119"}],"replies":[{"embeddable":true,"href":"https:\/\/kravallslojd.se\/wordpress\/index.php?rest_route=%2Fwp%2Fv2%2Fcomments&post=3048"}],"version-history":[{"count":5,"href":"https:\/\/kravallslojd.se\/wordpress\/index.php?rest_route=\/wp\/v2\/posts\/3048\/revisions"}],"predecessor-version":[{"id":3057,"href":"https:\/\/kravallslojd.se\/wordpress\/index.php?rest_route=\/wp\/v2\/posts\/3048\/revisions\/3057"}],"wp:attachment":[{"href":"https:\/\/kravallslojd.se\/wordpress\/index.php?rest_route=%2Fwp%2Fv2%2Fmedia&parent=3048"}],"wp:term":[{"taxonomy":"category","embeddable":true,"href":"https:\/\/kravallslojd.se\/wordpress\/index.php?rest_route=%2Fwp%2Fv2%2Fcategories&post=3048"},{"taxonomy":"post_tag","embeddable":true,"href":"https:\/\/kravallslojd.se\/wordpress\/index.php?rest_route=%2Fwp%2Fv2%2Ftags&post=3048"}],"curies":[{"name":"wp","href":"https:\/\/api.w.org\/{rel}","templated":true}]}}