{"id":3060,"date":"2010-05-23T19:59:44","date_gmt":"2010-05-23T18:59:44","guid":{"rendered":"http:\/\/kravallslojd.se\/wordpress\/?p=3060"},"modified":"2010-05-23T20:06:20","modified_gmt":"2010-05-23T19:06:20","slug":"mitt-sista-inlagg","status":"publish","type":"post","link":"https:\/\/kravallslojd.se\/wordpress\/?p=3060","title":{"rendered":"Mitt sista inl\u00e4gg"},"content":{"rendered":"<p>\u00a0<\/p>\n<p>Ja nu \u00e4r snart min tid f\u00f6rbi! I alla fall som bloggare. Jag har dock f\u00e5tt lite blodad tand f\u00f6r det h\u00e4r med bloggande. Det var roligare \u00e4n jag trodde att det skulle vara. Det finns nog faktiskt en liten chans att jag startar en egen blogg. Vi f\u00e5r se hur det g\u00e5r&#8230; jag \u00e4r ju egentligen ingen internetkille. Men ingen m\u00e4nniska \u00e4r ju f\u00f6dd fr\u00e5n internet.<\/p>\n<p>Kulturnatten i Ume\u00e5 som h\u00f6lls ig\u00e5r var trevlig och bra p\u00e5 alla vis! Synd bara att jag missade s\u00e5 mycket. Men s\u00e5 \u00e4r det n\u00e4r man inte kollar i programmet. Jag hade g\u00e4rna g\u00e5tt p\u00e5 vegom\u00e4ssan p\u00e5 nolia och p\u00e5 modevisningen p\u00e5 stora scen d\u00e4r Naucler Design visade sina lack kreationer.<\/p>\n<p>Jag hade inte k\u00e4nt till Naucler om jag inte hade hamnat bredvid en kille p\u00e5 bussen till Jokkmokk f\u00f6rra v\u00e5ren. Han satt och pillade ihop sm\u00e5 st\u00e5lringar och n\u00e4r jag fr\u00e5gade vad han h\u00f6ll p\u00e5 med svarade han att han skulle g\u00f6ra n\u00e5gon form av ringbrynjekilt till en v\u00e4n.<\/p>\n<p>Jag sa att jag tyckte om att sticka och vips s\u00e5 var vi inne i ett l\u00e5ngt samtal om allt och ingenting som har med kreativitet och handarbete att g\u00f6ra. D\u00e5 n\u00e4mnde han en bekant till honom som experimenterade med lack och som bland annat hade gjort en folkdr\u00e4kt av lack.<\/p>\n<p>Jag tyckte f\u00f6rst att det l\u00e4t lite creepy, men senare n\u00e4r jag hittade nauclers hemsida s\u00e5 \u00e4ndrades min uppfattning och nu tycker jag att det \u00e4r riktigt coolt!<\/p>\n<p>Spelningen p\u00e5 Freja ig\u00e5r gick bra! Det var sjukt kul. Jag m\u00e5ste spela mer musik! Det \u00e4r det b\u00e4sta som finns!<\/p>\n<p><div id=\"attachment_3061\" style=\"width: 310px\" class=\"wp-caption alignleft\"><a href=\"http:\/\/kravallslojd.se\/wordpress\/wp-content\/uploads\/2010\/05\/freja4.jpg\" ><img aria-describedby=\"caption-attachment-3061\" decoding=\"async\" loading=\"lazy\" class=\"size-medium wp-image-3061\" src=\"http:\/\/kravallslojd.se\/wordpress\/wp-content\/uploads\/2010\/05\/freja4-300x225.jpg\" alt=\"\" width=\"300\" height=\"225\" srcset=\"https:\/\/kravallslojd.se\/wordpress\/wp-content\/uploads\/2010\/05\/freja4-300x225.jpg 300w, https:\/\/kravallslojd.se\/wordpress\/wp-content\/uploads\/2010\/05\/freja4.jpg 480w\" sizes=\"(max-width: 300px) 100vw, 300px\" \/><\/a><p id=\"caption-attachment-3061\" class=\"wp-caption-text\">Dom r\u00f6da byxorna har jag sytt sj\u00e4lv med n\u00e5l och med tr\u00e5d!<\/p><\/div><\/p>\n<p>\u00a0Petra i min klass tog n\u00e5gra bilder p\u00e5 oss in action!<\/p>\n<p>Jag kan inte fatta att det bara \u00e4r tv\u00e5 veckor kvar av min tid p\u00e5 Dalkarls\u00e5 Folkh\u00f6gskola!!!<\/p>\n<p>Vad ska jag g\u00f6ra sen? Jag har s\u00f6kt lite olika h\u00f6gskolegrejer till h\u00f6sten.<\/p>\n<p>Bland annat en skr\u00e4ddarutbildning i Uddevalla.<\/p>\n<p>Eftersom att det var s\u00e5 m\u00e5nga som s\u00f6kte den utbildningen i \u00e5r s\u00e5 ska dom ha tv\u00e5 provdagar d\u00e5 man m\u00e5ste \u00e5ka dit och visa vad man g\u00e5r f\u00f6r. Provdagarna \u00e4r lagd 3e och 4e juni vilket \u00e4r avslutningsdagarna p\u00e5 skolan som jag g\u00e5r nu.<\/p>\n<p>Det k\u00e4nns jobbigt att \u00e5ka hela v\u00e4gen ner till Uddevalla bara f\u00f6r att g\u00f6ra det d\u00e4r provet och det blir tr\u00e5kigt att missa avslutningen h\u00e4r. Men om jag g\u00f6r bra ifr\u00e5n mej i Uddevalla s\u00e5 har jag framtiden s\u00e4krad f\u00f6r en tid fram\u00f6ver.<\/p>\n<p>Jag ska g\u00f6ra mitt b\u00e4sta!!!<\/p>\n<p>Tack f\u00f6r mej &amp; ha den b\u00e4sta sommaren!!!<\/p>\n<p>Med v\u00e4nlig h\u00e4lsning \/Arvid Sandin<\/p>\n","protected":false},"excerpt":{"rendered":"<p>\u00a0 Ja nu \u00e4r snart min tid f\u00f6rbi! I alla fall som bloggare. Jag har dock f\u00e5tt lite blodad tand f\u00f6r det h\u00e4r med bloggande. Det var roligare \u00e4n jag trodde att det skulle vara. Det finns nog faktiskt en liten chans att jag startar en egen blogg. Vi f\u00e5r se hur det g\u00e5r&#8230; jag [&hellip;]<\/p>\n","protected":false},"author":119,"featured_media":0,"comment_status":"open","ping_status":"open","sticky":false,"template":"","format":"standard","meta":[],"categories":[228],"tags":[],"_links":{"self":[{"href":"https:\/\/kravallslojd.se\/wordpress\/index.php?rest_route=\/wp\/v2\/posts\/3060"}],"collection":[{"href":"https:\/\/kravallslojd.se\/wordpress\/index.php?rest_route=\/wp\/v2\/posts"}],"about":[{"href":"https:\/\/kravallslojd.se\/wordpress\/index.php?rest_route=\/wp\/v2\/types\/post"}],"author":[{"embeddable":true,"href":"https:\/\/kravallslojd.se\/wordpress\/index.php?rest_route=\/wp\/v2\/users\/119"}],"replies":[{"embeddable":true,"href":"https:\/\/kravallslojd.se\/wordpress\/index.php?rest_route=%2Fwp%2Fv2%2Fcomments&post=3060"}],"version-history":[{"count":5,"href":"https:\/\/kravallslojd.se\/wordpress\/index.php?rest_route=\/wp\/v2\/posts\/3060\/revisions"}],"predecessor-version":[{"id":3063,"href":"https:\/\/kravallslojd.se\/wordpress\/index.php?rest_route=\/wp\/v2\/posts\/3060\/revisions\/3063"}],"wp:attachment":[{"href":"https:\/\/kravallslojd.se\/wordpress\/index.php?rest_route=%2Fwp%2Fv2%2Fmedia&parent=3060"}],"wp:term":[{"taxonomy":"category","embeddable":true,"href":"https:\/\/kravallslojd.se\/wordpress\/index.php?rest_route=%2Fwp%2Fv2%2Fcategories&post=3060"},{"taxonomy":"post_tag","embeddable":true,"href":"https:\/\/kravallslojd.se\/wordpress\/index.php?rest_route=%2Fwp%2Fv2%2Ftags&post=3060"}],"curies":[{"name":"wp","href":"https:\/\/api.w.org\/{rel}","templated":true}]}}