{"id":3086,"date":"2010-05-31T21:40:41","date_gmt":"2010-05-31T20:40:41","guid":{"rendered":"http:\/\/kravallslojd.se\/wordpress\/?p=3086"},"modified":"2010-05-31T21:40:41","modified_gmt":"2010-05-31T20:40:41","slug":"fargglad-kontorsratta","status":"publish","type":"post","link":"https:\/\/kravallslojd.se\/wordpress\/?p=3086","title":{"rendered":"F\u00e4rgglad kontorsr\u00e5tta"},"content":{"rendered":"<p>Min sista skoldag har passerat och <strong>s\u00f6tebr\u00f6dsdagarna \u00e4r \u00f6ver<\/strong>. Ig\u00e5r kom jag till mamma och pappa f\u00f6r h\u00e4r ska jag bo ett tag i sommar medan jag jobbar. Idag var min f\u00f6rsta arbetsdag och den har best\u00e5tt i att f\u00f6ra in siffror p\u00e5 en dator.<\/p>\n<p>Jajamensan jag ska bli v\u00e4rldens coolaste kontorsr\u00e5tta!<\/p>\n<p><a href=\"http:\/\/kravallslojd.se\/wordpress\/wp-content\/uploads\/2010\/05\/Resv\u00e4skaliten1.jpg\" ><img decoding=\"async\" loading=\"lazy\" class=\"alignnone size-full wp-image-3085\" src=\"http:\/\/kravallslojd.se\/wordpress\/wp-content\/uploads\/2010\/05\/Resv\u00e4skaliten1.jpg\" alt=\"\" width=\"615\" height=\"461\" srcset=\"https:\/\/kravallslojd.se\/wordpress\/wp-content\/uploads\/2010\/05\/Resv\u00e4skaliten1.jpg 615w, https:\/\/kravallslojd.se\/wordpress\/wp-content\/uploads\/2010\/05\/Resv\u00e4skaliten1-300x224.jpg 300w\" sizes=\"(max-width: 615px) 100vw, 615px\" \/><\/a><\/p>\n<p>L\u00e4ngtar till p\u00e5 torsdag f\u00f6r d\u00e5 reser jag iv\u00e4g med min v\u00e4ska till n\u00e5got lite mer sp\u00e4nnande. Ska p\u00e5 provdag i Uddevalla tillsammans med Arvid-Parvid som\u00a0g\u00e4stbloggade h\u00e4r tidigare.<\/p>\n<p>Jag och Arvid har ett &#8221;musikprojekt&#8221; ihop d\u00e4r han spelar gitarr och jag ett <em>hemmabygt-gameboy-instrument<\/em>. Planen \u00e4r att bli rockstj\u00e4rnor och det l\u00e5ter v\u00e4ll inte s\u00e5 dumt?<\/p>\n<p>En bra start p\u00e5 min\u00a0bloggkarri\u00e4r h\u00e4r p\u00e5 kravallsl\u00f6jd kan ju vara att flasha en kappa som jag h\u00e5ller p\u00e5 att sy i ett tyg som jag faktiskt v\u00e4vt sj\u00e4lv&#8230; Tyget har bomullsvarp och inslag i ull. Kaninerna \u00e4r v\u00e4vda i roseng\u00e5ng med (!) 10 skaft.<\/p>\n<p><a href=\"http:\/\/kravallslojd.se\/wordpress\/wp-content\/uploads\/2010\/05\/Kappaliten.jpg\" ><img decoding=\"async\" loading=\"lazy\" class=\"alignnone size-full wp-image-3088\" src=\"http:\/\/kravallslojd.se\/wordpress\/wp-content\/uploads\/2010\/05\/Kappaliten.jpg\" alt=\"\" width=\"522\" height=\"422\" srcset=\"https:\/\/kravallslojd.se\/wordpress\/wp-content\/uploads\/2010\/05\/Kappaliten.jpg 522w, https:\/\/kravallslojd.se\/wordpress\/wp-content\/uploads\/2010\/05\/Kappaliten-300x242.jpg 300w\" sizes=\"(max-width: 522px) 100vw, 522px\" \/><\/a><\/p>\n<p>Har f\u00f6resten f\u00f6r\u00e4lskat mig i fodret s\u00e5 jag bara m\u00e5ste sy ett till och anv\u00e4nda som morgonrock!<\/p>\n<p><a href=\"http:\/\/kravallslojd.se\/wordpress\/wp-content\/uploads\/2010\/05\/Foderliten1.jpg\" ><img decoding=\"async\" loading=\"lazy\" class=\"alignnone size-full wp-image-3089\" src=\"http:\/\/kravallslojd.se\/wordpress\/wp-content\/uploads\/2010\/05\/Foderliten1.jpg\" alt=\"\" width=\"397\" height=\"461\" srcset=\"https:\/\/kravallslojd.se\/wordpress\/wp-content\/uploads\/2010\/05\/Foderliten1.jpg 397w, https:\/\/kravallslojd.se\/wordpress\/wp-content\/uploads\/2010\/05\/Foderliten1-258x300.jpg 258w\" sizes=\"(max-width: 397px) 100vw, 397px\" \/><\/a><\/p>\n<p>Vill ni l\u00e4sa tidigare skryt fr\u00e5n mig s\u00e5 kan ni kolla min blogg <a href=\"http:\/\/munkhammar.tk\" title=\"http:\/\/munkhammar.tk\"  target=\"_blank\">http:\/\/munkhammar.tk<\/a><\/p>\n<p>Tjingeling!<\/p>\n","protected":false},"excerpt":{"rendered":"<p>Min sista skoldag har passerat och s\u00f6tebr\u00f6dsdagarna \u00e4r \u00f6ver. Ig\u00e5r kom jag till mamma och pappa f\u00f6r h\u00e4r ska jag bo ett tag i sommar medan jag jobbar. Idag var min f\u00f6rsta arbetsdag och den har best\u00e5tt i att f\u00f6ra in siffror p\u00e5 en dator. Jajamensan jag ska bli v\u00e4rldens coolaste kontorsr\u00e5tta! L\u00e4ngtar till p\u00e5 [&hellip;]<\/p>\n","protected":false},"author":121,"featured_media":0,"comment_status":"open","ping_status":"open","sticky":false,"template":"","format":"standard","meta":[],"categories":[240],"tags":[243],"_links":{"self":[{"href":"https:\/\/kravallslojd.se\/wordpress\/index.php?rest_route=\/wp\/v2\/posts\/3086"}],"collection":[{"href":"https:\/\/kravallslojd.se\/wordpress\/index.php?rest_route=\/wp\/v2\/posts"}],"about":[{"href":"https:\/\/kravallslojd.se\/wordpress\/index.php?rest_route=\/wp\/v2\/types\/post"}],"author":[{"embeddable":true,"href":"https:\/\/kravallslojd.se\/wordpress\/index.php?rest_route=\/wp\/v2\/users\/121"}],"replies":[{"embeddable":true,"href":"https:\/\/kravallslojd.se\/wordpress\/index.php?rest_route=%2Fwp%2Fv2%2Fcomments&post=3086"}],"version-history":[{"count":7,"href":"https:\/\/kravallslojd.se\/wordpress\/index.php?rest_route=\/wp\/v2\/posts\/3086\/revisions"}],"predecessor-version":[{"id":3095,"href":"https:\/\/kravallslojd.se\/wordpress\/index.php?rest_route=\/wp\/v2\/posts\/3086\/revisions\/3095"}],"wp:attachment":[{"href":"https:\/\/kravallslojd.se\/wordpress\/index.php?rest_route=%2Fwp%2Fv2%2Fmedia&parent=3086"}],"wp:term":[{"taxonomy":"category","embeddable":true,"href":"https:\/\/kravallslojd.se\/wordpress\/index.php?rest_route=%2Fwp%2Fv2%2Fcategories&post=3086"},{"taxonomy":"post_tag","embeddable":true,"href":"https:\/\/kravallslojd.se\/wordpress\/index.php?rest_route=%2Fwp%2Fv2%2Ftags&post=3086"}],"curies":[{"name":"wp","href":"https:\/\/api.w.org\/{rel}","templated":true}]}}