{"id":3100,"date":"2010-06-03T11:40:30","date_gmt":"2010-06-03T10:40:30","guid":{"rendered":"http:\/\/kravallslojd.se\/wordpress\/?p=3100"},"modified":"2010-06-03T11:40:30","modified_gmt":"2010-06-03T10:40:30","slug":"fick-monstret-uppeholl-mig-igar","status":"publish","type":"post","link":"https:\/\/kravallslojd.se\/wordpress\/?p=3100","title":{"rendered":"Fick-monstret uppeh\u00f6ll mig ig\u00e5r"},"content":{"rendered":"<p>Sitter p\u00e5 lunchen och bloggar lite \u00e5t er ;-) Hade en riktigt m\u00f6rbultande kv\u00e4ll ig\u00e5r. Sydde en paspoalierad ficka som ska med till provdagen i Uddevalla &amp; sen skulle det packas grejjer ocks\u00e5.<\/p>\n<p>Jag har varit s\u00e5 nerv\u00f6s \u00f6ver den d\u00e4r paspoalfickan att jag sytt FLERA prover innan jag tillslut sydde den riktiga. H\u00f6gskolan skickade med delarna till fickan tillsammans med kallelsen till provdagen s\u00e5 det fanns inget utrymme f\u00f6r att klanta sig.<\/p>\n<p><a href=\"http:\/\/kravallslojd.se\/wordpress\/wp-content\/uploads\/2010\/06\/paspoalficka3.jpg\" ><img decoding=\"async\" loading=\"lazy\" class=\"alignnone size-full wp-image-3101\" src=\"http:\/\/kravallslojd.se\/wordpress\/wp-content\/uploads\/2010\/06\/paspoalficka3.jpg\" alt=\"\" width=\"395\" height=\"363\" srcset=\"https:\/\/kravallslojd.se\/wordpress\/wp-content\/uploads\/2010\/06\/paspoalficka3.jpg 395w, https:\/\/kravallslojd.se\/wordpress\/wp-content\/uploads\/2010\/06\/paspoalficka3-300x275.jpg 300w\" sizes=\"(max-width: 395px) 100vw, 395px\" \/><\/a><\/p>\n<p>Om jag inte kan \u00f6vertyga dem med mina detaljs\u00f6mnads-skills s\u00e5 f\u00e5r jag f\u00f6rs\u00f6ka sn\u00e4rja dem med min charm ist\u00e4llet ;-)<\/p>\n<p><a href=\"http:\/\/kravallslojd.se\/wordpress\/wp-content\/uploads\/2010\/06\/paspoalficka22.jpg\" ><img decoding=\"async\" loading=\"lazy\" class=\"alignnone size-full wp-image-3102\" src=\"http:\/\/kravallslojd.se\/wordpress\/wp-content\/uploads\/2010\/06\/paspoalficka22.jpg\" alt=\"\" width=\"501\" height=\"312\" srcset=\"https:\/\/kravallslojd.se\/wordpress\/wp-content\/uploads\/2010\/06\/paspoalficka22.jpg 501w, https:\/\/kravallslojd.se\/wordpress\/wp-content\/uploads\/2010\/06\/paspoalficka22-300x186.jpg 300w\" sizes=\"(max-width: 501px) 100vw, 501px\" \/><\/a><\/p>\n<p>Tjingelingsen<\/p>\n","protected":false},"excerpt":{"rendered":"<p>Sitter p\u00e5 lunchen och bloggar lite \u00e5t er ;-) Hade en riktigt m\u00f6rbultande kv\u00e4ll ig\u00e5r. Sydde en paspoalierad ficka som ska med till provdagen i Uddevalla &amp; sen skulle det packas grejjer ocks\u00e5. Jag har varit s\u00e5 nerv\u00f6s \u00f6ver den d\u00e4r paspoalfickan att jag sytt FLERA prover innan jag tillslut sydde den riktiga. H\u00f6gskolan skickade [&hellip;]<\/p>\n","protected":false},"author":121,"featured_media":0,"comment_status":"open","ping_status":"open","sticky":false,"template":"","format":"standard","meta":[],"categories":[240],"tags":[244],"_links":{"self":[{"href":"https:\/\/kravallslojd.se\/wordpress\/index.php?rest_route=\/wp\/v2\/posts\/3100"}],"collection":[{"href":"https:\/\/kravallslojd.se\/wordpress\/index.php?rest_route=\/wp\/v2\/posts"}],"about":[{"href":"https:\/\/kravallslojd.se\/wordpress\/index.php?rest_route=\/wp\/v2\/types\/post"}],"author":[{"embeddable":true,"href":"https:\/\/kravallslojd.se\/wordpress\/index.php?rest_route=\/wp\/v2\/users\/121"}],"replies":[{"embeddable":true,"href":"https:\/\/kravallslojd.se\/wordpress\/index.php?rest_route=%2Fwp%2Fv2%2Fcomments&post=3100"}],"version-history":[{"count":3,"href":"https:\/\/kravallslojd.se\/wordpress\/index.php?rest_route=\/wp\/v2\/posts\/3100\/revisions"}],"predecessor-version":[{"id":3105,"href":"https:\/\/kravallslojd.se\/wordpress\/index.php?rest_route=\/wp\/v2\/posts\/3100\/revisions\/3105"}],"wp:attachment":[{"href":"https:\/\/kravallslojd.se\/wordpress\/index.php?rest_route=%2Fwp%2Fv2%2Fmedia&parent=3100"}],"wp:term":[{"taxonomy":"category","embeddable":true,"href":"https:\/\/kravallslojd.se\/wordpress\/index.php?rest_route=%2Fwp%2Fv2%2Fcategories&post=3100"},{"taxonomy":"post_tag","embeddable":true,"href":"https:\/\/kravallslojd.se\/wordpress\/index.php?rest_route=%2Fwp%2Fv2%2Ftags&post=3100"}],"curies":[{"name":"wp","href":"https:\/\/api.w.org\/{rel}","templated":true}]}}