{"id":3198,"date":"2010-06-16T21:33:30","date_gmt":"2010-06-16T20:33:30","guid":{"rendered":"http:\/\/kravallslojd.se\/wordpress\/?p=3198"},"modified":"2010-06-16T21:33:30","modified_gmt":"2010-06-16T20:33:30","slug":"att-springa-for-hemslojden","status":"publish","type":"post","link":"https:\/\/kravallslojd.se\/wordpress\/?p=3198","title":{"rendered":"Att springa f\u00f6r Hemsl\u00f6jden"},"content":{"rendered":"<p>P\u00e5 s\u00f6ndag \u00e4r det L\u00e5ngen runt &#8211; en springt\u00e4vling i V\u00e4rml\u00e4ndska L\u00e5ngserud &#8211; och jag har laddat i flera m\u00e5nader. Jag ska springa f\u00f6r Hemsl\u00f6jden. Id\u00e9n fick jag fr\u00e5n <a href=\"http:\/\/broderi-karin.blogspot.com\/\" title=\"L\u00e4nk till Karins blogg\"  target=\"_blank\">Karin Holmberg<\/a> som broderat springkl\u00e4der till sin v\u00e4n inf\u00f6r ett Djur\u00e5rdskanallopp i maj.<br \/>\n\u00c4r sportsverige redo f\u00f6r Hemsl\u00f6jden IK?<\/p>\n<p>Vi f\u00e5r se om jag orkar kn\u00e5pa ihop n\u00e5gra fina plagg till s\u00f6ndag. En id\u00e9 finns nerkladdad p\u00e5 ett anteckningsblock och ska bara genomf\u00f6ras. Annars blir det v\u00e4nnen Anna Palms fina tryckta t-shirt &#8221;Art and craft will unite us&#8221; (kanske jag broderar \u00f6ver art och skriver sport ist\u00e4llet).<\/p>\n<p>Ni l\u00e4r h\u00f6ra mer om detta&#8230;<\/p>\n<p><div id=\"attachment_3200\" style=\"width: 310px\" class=\"wp-caption alignnone\"><a href=\"http:\/\/kravallslojd.se\/wordpress\/wp-content\/uploads\/2010\/06\/Mia-Lindgren1.jpg\" ><img aria-describedby=\"caption-attachment-3200\" decoding=\"async\" loading=\"lazy\" class=\"size-medium wp-image-3200\" title=\"Mia Lindgren\" src=\"http:\/\/kravallslojd.se\/wordpress\/wp-content\/uploads\/2010\/06\/Mia-Lindgren1-300x293.jpg\" alt=\"Springskor som n\u00e5ldyna\" width=\"300\" height=\"293\" srcset=\"https:\/\/kravallslojd.se\/wordpress\/wp-content\/uploads\/2010\/06\/Mia-Lindgren1-300x293.jpg 300w, https:\/\/kravallslojd.se\/wordpress\/wp-content\/uploads\/2010\/06\/Mia-Lindgren1.jpg 1024w\" sizes=\"(max-width: 300px) 100vw, 300px\" \/><\/a><p id=\"caption-attachment-3200\" class=\"wp-caption-text\">Varf\u00f6r v\u00e4lja mellan att springa och sl\u00f6jda?<\/p><\/div><\/p>\n","protected":false},"excerpt":{"rendered":"<p>P\u00e5 s\u00f6ndag \u00e4r det L\u00e5ngen runt &#8211; en springt\u00e4vling i V\u00e4rml\u00e4ndska L\u00e5ngserud &#8211; och jag har laddat i flera m\u00e5nader. Jag ska springa f\u00f6r Hemsl\u00f6jden. Id\u00e9n fick jag fr\u00e5n Karin Holmberg som broderat springkl\u00e4der till sin v\u00e4n inf\u00f6r ett Djur\u00e5rdskanallopp i maj. \u00c4r sportsverige redo f\u00f6r Hemsl\u00f6jden IK? Vi f\u00e5r se om jag orkar kn\u00e5pa [&hellip;]<\/p>\n","protected":false},"author":20,"featured_media":0,"comment_status":"open","ping_status":"open","sticky":false,"template":"","format":"standard","meta":[],"categories":[73],"tags":[270],"_links":{"self":[{"href":"https:\/\/kravallslojd.se\/wordpress\/index.php?rest_route=\/wp\/v2\/posts\/3198"}],"collection":[{"href":"https:\/\/kravallslojd.se\/wordpress\/index.php?rest_route=\/wp\/v2\/posts"}],"about":[{"href":"https:\/\/kravallslojd.se\/wordpress\/index.php?rest_route=\/wp\/v2\/types\/post"}],"author":[{"embeddable":true,"href":"https:\/\/kravallslojd.se\/wordpress\/index.php?rest_route=\/wp\/v2\/users\/20"}],"replies":[{"embeddable":true,"href":"https:\/\/kravallslojd.se\/wordpress\/index.php?rest_route=%2Fwp%2Fv2%2Fcomments&post=3198"}],"version-history":[{"count":3,"href":"https:\/\/kravallslojd.se\/wordpress\/index.php?rest_route=\/wp\/v2\/posts\/3198\/revisions"}],"predecessor-version":[{"id":3203,"href":"https:\/\/kravallslojd.se\/wordpress\/index.php?rest_route=\/wp\/v2\/posts\/3198\/revisions\/3203"}],"wp:attachment":[{"href":"https:\/\/kravallslojd.se\/wordpress\/index.php?rest_route=%2Fwp%2Fv2%2Fmedia&parent=3198"}],"wp:term":[{"taxonomy":"category","embeddable":true,"href":"https:\/\/kravallslojd.se\/wordpress\/index.php?rest_route=%2Fwp%2Fv2%2Fcategories&post=3198"},{"taxonomy":"post_tag","embeddable":true,"href":"https:\/\/kravallslojd.se\/wordpress\/index.php?rest_route=%2Fwp%2Fv2%2Ftags&post=3198"}],"curies":[{"name":"wp","href":"https:\/\/api.w.org\/{rel}","templated":true}]}}