{"id":3204,"date":"2010-06-17T20:27:00","date_gmt":"2010-06-17T19:27:00","guid":{"rendered":"http:\/\/kravallslojd.se\/wordpress\/?p=3204"},"modified":"2010-06-17T20:27:00","modified_gmt":"2010-06-17T19:27:00","slug":"forts-att-springa-for-hemslojden","status":"publish","type":"post","link":"https:\/\/kravallslojd.se\/wordpress\/?p=3204","title":{"rendered":"Forts. Att springa f\u00f6r Hemsl\u00f6jden"},"content":{"rendered":"<p>Det b\u00f6rjar ta sig. Framsidan p\u00e5 springtr\u00f6jan \u00e4r klar. Nu ska jag p\u00e5 baksidan brodera<br \/>\nHemsl\u00f6jdens IK<\/p>\n<p><div id=\"attachment_3205\" style=\"width: 235px\" class=\"wp-caption alignnone\"><a href=\"http:\/\/kravallslojd.se\/wordpress\/wp-content\/uploads\/2010\/06\/IMG_0280.jpg\" ><img aria-describedby=\"caption-attachment-3205\" decoding=\"async\" loading=\"lazy\" class=\"size-medium wp-image-3205\" title=\"IMG_0280\" src=\"http:\/\/kravallslojd.se\/wordpress\/wp-content\/uploads\/2010\/06\/IMG_0280-e1276802511976-225x300.jpg\" alt=\"Tr\u00f6jtryck\" width=\"225\" height=\"300\" srcset=\"https:\/\/kravallslojd.se\/wordpress\/wp-content\/uploads\/2010\/06\/IMG_0280-e1276802511976-225x300.jpg 225w, https:\/\/kravallslojd.se\/wordpress\/wp-content\/uploads\/2010\/06\/IMG_0280-e1276802511976-768x1024.jpg 768w, https:\/\/kravallslojd.se\/wordpress\/wp-content\/uploads\/2010\/06\/IMG_0280-e1276802511976.jpg 1536w\" sizes=\"(max-width: 225px) 100vw, 225px\" \/><\/a><p id=\"caption-attachment-3205\" class=\"wp-caption-text\">Tr\u00f6jtryck (och Victoria sm\u00f6g sig in i bilden som \u00f6verallt dessa dagar)<\/p><\/div><\/p>\n<div class=\"mceTemp\">\n<dl id=\"attachment_3206\" class=\"wp-caption alignnone\" style=\"width: 235px;\">\n<dt class=\"wp-caption-dt\"><a href=\"http:\/\/kravallslojd.se\/wordpress\/wp-content\/uploads\/2010\/06\/IMG_0282-e1276802616547.jpg\" ><img decoding=\"async\" loading=\"lazy\" class=\"size-medium wp-image-3206\" title=\"IMG_0282\" src=\"http:\/\/kravallslojd.se\/wordpress\/wp-content\/uploads\/2010\/06\/IMG_0282-e1276802616547-225x300.jpg\" alt=\"Sport and craft\" width=\"225\" height=\"300\" srcset=\"https:\/\/kravallslojd.se\/wordpress\/wp-content\/uploads\/2010\/06\/IMG_0282-e1276802616547-225x300.jpg 225w, https:\/\/kravallslojd.se\/wordpress\/wp-content\/uploads\/2010\/06\/IMG_0282-e1276802616547-768x1024.jpg 768w, https:\/\/kravallslojd.se\/wordpress\/wp-content\/uploads\/2010\/06\/IMG_0282-e1276802616547.jpg 1536w\" sizes=\"(max-width: 225px) 100vw, 225px\" \/><\/a><\/dt>\n<dd class=\"wp-caption-dd\"><\/dd>\n<\/dl>\n<\/div>\n","protected":false},"excerpt":{"rendered":"<p>Det b\u00f6rjar ta sig. Framsidan p\u00e5 springtr\u00f6jan \u00e4r klar. Nu ska jag p\u00e5 baksidan brodera Hemsl\u00f6jdens IK<\/p>\n","protected":false},"author":20,"featured_media":0,"comment_status":"open","ping_status":"open","sticky":false,"template":"","format":"standard","meta":[],"categories":[73],"tags":[268],"_links":{"self":[{"href":"https:\/\/kravallslojd.se\/wordpress\/index.php?rest_route=\/wp\/v2\/posts\/3204"}],"collection":[{"href":"https:\/\/kravallslojd.se\/wordpress\/index.php?rest_route=\/wp\/v2\/posts"}],"about":[{"href":"https:\/\/kravallslojd.se\/wordpress\/index.php?rest_route=\/wp\/v2\/types\/post"}],"author":[{"embeddable":true,"href":"https:\/\/kravallslojd.se\/wordpress\/index.php?rest_route=\/wp\/v2\/users\/20"}],"replies":[{"embeddable":true,"href":"https:\/\/kravallslojd.se\/wordpress\/index.php?rest_route=%2Fwp%2Fv2%2Fcomments&post=3204"}],"version-history":[{"count":2,"href":"https:\/\/kravallslojd.se\/wordpress\/index.php?rest_route=\/wp\/v2\/posts\/3204\/revisions"}],"predecessor-version":[{"id":3209,"href":"https:\/\/kravallslojd.se\/wordpress\/index.php?rest_route=\/wp\/v2\/posts\/3204\/revisions\/3209"}],"wp:attachment":[{"href":"https:\/\/kravallslojd.se\/wordpress\/index.php?rest_route=%2Fwp%2Fv2%2Fmedia&parent=3204"}],"wp:term":[{"taxonomy":"category","embeddable":true,"href":"https:\/\/kravallslojd.se\/wordpress\/index.php?rest_route=%2Fwp%2Fv2%2Fcategories&post=3204"},{"taxonomy":"post_tag","embeddable":true,"href":"https:\/\/kravallslojd.se\/wordpress\/index.php?rest_route=%2Fwp%2Fv2%2Ftags&post=3204"}],"curies":[{"name":"wp","href":"https:\/\/api.w.org\/{rel}","templated":true}]}}