{"id":3247,"date":"2010-07-12T16:20:03","date_gmt":"2010-07-12T15:20:03","guid":{"rendered":"http:\/\/kravallslojd.se\/wordpress\/?p=3247"},"modified":"2010-07-12T16:20:03","modified_gmt":"2010-07-12T15:20:03","slug":"rapport-fran-rengard","status":"publish","type":"post","link":"https:\/\/kravallslojd.se\/wordpress\/?p=3247","title":{"rendered":"Rapport fr\u00e5n Reng\u00e5rd"},"content":{"rendered":"<p style=\"text-align: left\">N\u00e4r jag fyllde 65 i fjol, t\u00e4nkte jag att jag skulle trappa ner &#8211; st\u00e4nga sommarcaf\u00e9et som vi drivit i 15\u00a0\u00e5r och bara \u00e4gna mig \u00e5t sl\u00f6jdandet.<br \/>\nMen folk kommer ju fortfarande f\u00f6rbi och f\u00f6rv\u00e4ntar sig mjukkaksmackor, s\u00e5 vi l\u00f6ste det genom att ha servering i utst\u00e4llningsladan d\u00e4r f\u00f6reningen V\u00e4vsk\u00e4let st\u00e4ller ut f\u00f6r \u00e5ttonde \u00e5ret. D\u00e5 f\u00e5r jag hj\u00e4lp av medlemmarna som turas om att bevaka utst\u00e4llningen och sk\u00f6ta serveringen. S\u00e5 nu bakar jag bara mina &#8221;halvtjockkakor&#8221; ett par g\u00e5nger i veckan. Baka \u00e4r ju ocks\u00e5 &#8211; om inte sl\u00f6jd &#8211; s\u00e5 \u00e5tminstone ett hantverk.<\/p>\n<p style=\"text-align: left\"><a href=\"http:\/\/kravallslojd.se\/wordpress\/wp-content\/uploads\/2010\/07\/Metalltr\u00e5d.jpg\" ><img decoding=\"async\" loading=\"lazy\" src=\"http:\/\/kravallslojd.se\/wordpress\/wp-content\/uploads\/2010\/07\/Metalltr\u00e5d-300x224.jpg\" alt=\"\" width=\"300\" height=\"224\" \/><\/a>\u00a0 <a href=\"http:\/\/kravallslojd.se\/wordpress\/wp-content\/uploads\/2010\/07\/Hos-Barbro.jpg\" ><\/a><\/p>\n<p>S\u00e5 h\u00e4romkv\u00e4llen var jag alldeles ledig och fick skjuts av min kompis Ulla till Robertsfors och deras &#8221;Sl\u00f6jd i sommarnatt&#8221;. S\u00e5 sk\u00f6nt det var att bara f\u00e5 \u00e5ka med och inte ha ansvar f\u00f6r n\u00e5gonting! Det \u00e4r ju alltid kul att se vad andra sl\u00f6jdare har f\u00f6r sig och min bundenhet vid mitt eget har ju hindrat mig att ta del av allt detta de senaste 20 \u00e5ren.<\/p>\n<p><a href=\"http:\/\/kravallslojd.se\/wordpress\/wp-content\/uploads\/2010\/07\/Hos-Barbro.jpg\" ><img decoding=\"async\" loading=\"lazy\" src=\"http:\/\/kravallslojd.se\/wordpress\/wp-content\/uploads\/2010\/07\/Hos-Barbro-300x225.jpg\" alt=\"\" width=\"300\" height=\"225\" \/><\/a><\/p>\n<p><a href=\"http:\/\/kravallslojd.se\/wordpress\/wp-content\/uploads\/2010\/07\/Hos-Barbro.jpg\" ><\/a><\/p>\n<p>I sommar domineras annars mina tankar och det mesta av min vakna tid av f\u00f6rberedelser f\u00f6r v\u00e5r dotter Cajsas br\u00f6llop.<br \/>\nHon kommer tillsammans med sin blivande man och ett 25-tal andra irl\u00e4ndare hit n\u00e4sta vecka. Den 24 ska br\u00f6llopet st\u00e5. Hoppas p\u00e5 uppeh\u00e5llsv\u00e4der, f\u00f6r vigseln ska ske h\u00e4r ute p\u00e5 backen och middagen p\u00e5 v\u00e5r loge som r\u00f6jts ut f\u00f6r \u00e4ndam\u00e5let. Vi rymmer just j\u00e4mnt de 74 g\u00e4ster som v\u00e4ntas.<\/p>\n<p>Jag h\u00e5ller p\u00e5 att sy kl\u00e4der till bruden och hennes tre brudn\u00e4bbar.\u00a0Sm\u00e5flickorna \u00e4lskar cerice!<a href=\"http:\/\/kravallslojd.se\/wordpress\/wp-content\/uploads\/2010\/07\/syr.jpg\" ><img decoding=\"async\" loading=\"lazy\" class=\"alignleft size-thumbnail wp-image-3256\" src=\"http:\/\/kravallslojd.se\/wordpress\/wp-content\/uploads\/2010\/07\/syr-150x150.jpg\" alt=\"\" width=\"150\" height=\"150\" \/><\/a><a href=\"http:\/\/kravallslojd.se\/wordpress\/wp-content\/uploads\/2010\/07\/kl\u00e4nning.jpg\" ><img decoding=\"async\" loading=\"lazy\" class=\"alignright size-thumbnail wp-image-3257\" src=\"http:\/\/kravallslojd.se\/wordpress\/wp-content\/uploads\/2010\/07\/kl\u00e4nning-150x150.jpg\" alt=\"\" width=\"150\" height=\"150\" \/><\/a><br \/>\n<a href=\"http:\/\/kravallslojd.se\/wordpress\/wp-content\/uploads\/2010\/07\/Cerice.jpg\" ><img decoding=\"async\" loading=\"lazy\" class=\"aligncenter size-thumbnail wp-image-3258\" src=\"http:\/\/kravallslojd.se\/wordpress\/wp-content\/uploads\/2010\/07\/Cerice-150x150.jpg\" alt=\"\" width=\"150\" height=\"150\" \/><\/a><\/p>\n<p>V\u00e4rmen\u00a0= 36,4 i skuggan\u00a0( jag <em>vill <\/em>inte klaga. Snart \u00e4r det vinter!) g\u00f6r att man blir lite tr\u00f6gare \u00e4n vanligt. Hoppas jag hinner g\u00f6ra allt f\u00e4rdigt till den stora dagen.<\/p>\n<p><a href=\"http:\/\/kravallslojd.se\/wordpress\/wp-content\/uploads\/2010\/07\/Metalltr\u00e5d.jpg\" ><\/a><\/p>\n","protected":false},"excerpt":{"rendered":"<p>N\u00e4r jag fyllde 65 i fjol, t\u00e4nkte jag att jag skulle trappa ner &#8211; st\u00e4nga sommarcaf\u00e9et som vi drivit i 15\u00a0\u00e5r och bara \u00e4gna mig \u00e5t sl\u00f6jdandet. Men folk kommer ju fortfarande f\u00f6rbi och f\u00f6rv\u00e4ntar sig mjukkaksmackor, s\u00e5 vi l\u00f6ste det genom att ha servering i utst\u00e4llningsladan d\u00e4r f\u00f6reningen V\u00e4vsk\u00e4let st\u00e4ller ut f\u00f6r \u00e5ttonde \u00e5ret. [&hellip;]<\/p>\n","protected":false},"author":124,"featured_media":0,"comment_status":"open","ping_status":"open","sticky":false,"template":"","format":"standard","meta":[],"categories":[280],"tags":[179],"_links":{"self":[{"href":"https:\/\/kravallslojd.se\/wordpress\/index.php?rest_route=\/wp\/v2\/posts\/3247"}],"collection":[{"href":"https:\/\/kravallslojd.se\/wordpress\/index.php?rest_route=\/wp\/v2\/posts"}],"about":[{"href":"https:\/\/kravallslojd.se\/wordpress\/index.php?rest_route=\/wp\/v2\/types\/post"}],"author":[{"embeddable":true,"href":"https:\/\/kravallslojd.se\/wordpress\/index.php?rest_route=\/wp\/v2\/users\/124"}],"replies":[{"embeddable":true,"href":"https:\/\/kravallslojd.se\/wordpress\/index.php?rest_route=%2Fwp%2Fv2%2Fcomments&post=3247"}],"version-history":[{"count":10,"href":"https:\/\/kravallslojd.se\/wordpress\/index.php?rest_route=\/wp\/v2\/posts\/3247\/revisions"}],"predecessor-version":[{"id":3263,"href":"https:\/\/kravallslojd.se\/wordpress\/index.php?rest_route=\/wp\/v2\/posts\/3247\/revisions\/3263"}],"wp:attachment":[{"href":"https:\/\/kravallslojd.se\/wordpress\/index.php?rest_route=%2Fwp%2Fv2%2Fmedia&parent=3247"}],"wp:term":[{"taxonomy":"category","embeddable":true,"href":"https:\/\/kravallslojd.se\/wordpress\/index.php?rest_route=%2Fwp%2Fv2%2Fcategories&post=3247"},{"taxonomy":"post_tag","embeddable":true,"href":"https:\/\/kravallslojd.se\/wordpress\/index.php?rest_route=%2Fwp%2Fv2%2Ftags&post=3247"}],"curies":[{"name":"wp","href":"https:\/\/api.w.org\/{rel}","templated":true}]}}