{"id":3250,"date":"2010-07-13T08:46:58","date_gmt":"2010-07-13T07:46:58","guid":{"rendered":"http:\/\/kravallslojd.se\/wordpress\/?p=3250"},"modified":"2010-07-13T08:46:58","modified_gmt":"2010-07-13T07:46:58","slug":"bakdag","status":"publish","type":"post","link":"https:\/\/kravallslojd.se\/wordpress\/?p=3250","title":{"rendered":"Bakdag"},"content":{"rendered":"<p>Nu har temperaturen sjunkit till runt 20 grader. D\u00e5 g\u00e5r det \u00f6verleva i bagarstugan. Det blir ingen heldag &#8211; har inte s\u00e5 mycket material hemma &#8211; men n\u00e5gra halvtjockkakor ska jag kunna \u00e5stadkomma innan lunch.<\/p>\n<p><a href=\"http:\/\/kravallslojd.se\/wordpress\/wp-content\/uploads\/2010\/07\/eld.jpg\" ><img decoding=\"async\" loading=\"lazy\" class=\"aligncenter size-medium wp-image-3266\" src=\"http:\/\/kravallslojd.se\/wordpress\/wp-content\/uploads\/2010\/07\/eld-300x225.jpg\" alt=\"\" width=\"300\" height=\"225\" srcset=\"https:\/\/kravallslojd.se\/wordpress\/wp-content\/uploads\/2010\/07\/eld-300x225.jpg 300w, https:\/\/kravallslojd.se\/wordpress\/wp-content\/uploads\/2010\/07\/eld.jpg 425w\" sizes=\"(max-width: 300px) 100vw, 300px\" \/><\/a><\/p>\n<p>Ugnen murades av en skicklig murare fr\u00e5n Norsj\u00f6 i b\u00f6rjan p\u00e5 70-talet. Under det eldfasta teglet som ligger l\u00f6st finns krossat glas.<\/p>\n<p><a href=\"http:\/\/kravallslojd.se\/wordpress\/wp-content\/uploads\/2010\/07\/sommarens.jpg\" ><img decoding=\"async\" loading=\"lazy\" class=\"alignleft size-medium wp-image-3267\" src=\"http:\/\/kravallslojd.se\/wordpress\/wp-content\/uploads\/2010\/07\/sommarens-224x300.jpg\" alt=\"\" width=\"224\" height=\"300\" srcset=\"https:\/\/kravallslojd.se\/wordpress\/wp-content\/uploads\/2010\/07\/sommarens-224x300.jpg 224w, https:\/\/kravallslojd.se\/wordpress\/wp-content\/uploads\/2010\/07\/sommarens.jpg 340w\" sizes=\"(max-width: 224px) 100vw, 224px\" \/><\/a><\/p>\n<p>Kavelinstallation<\/p>\n","protected":false},"excerpt":{"rendered":"<p>Nu har temperaturen sjunkit till runt 20 grader. D\u00e5 g\u00e5r det \u00f6verleva i bagarstugan. Det blir ingen heldag &#8211; har inte s\u00e5 mycket material hemma &#8211; men n\u00e5gra halvtjockkakor ska jag kunna \u00e5stadkomma innan lunch. Ugnen murades av en skicklig murare fr\u00e5n Norsj\u00f6 i b\u00f6rjan p\u00e5 70-talet. Under det eldfasta teglet som ligger l\u00f6st finns [&hellip;]<\/p>\n","protected":false},"author":124,"featured_media":0,"comment_status":"open","ping_status":"open","sticky":false,"template":"","format":"standard","meta":[],"categories":[280],"tags":[],"_links":{"self":[{"href":"https:\/\/kravallslojd.se\/wordpress\/index.php?rest_route=\/wp\/v2\/posts\/3250"}],"collection":[{"href":"https:\/\/kravallslojd.se\/wordpress\/index.php?rest_route=\/wp\/v2\/posts"}],"about":[{"href":"https:\/\/kravallslojd.se\/wordpress\/index.php?rest_route=\/wp\/v2\/types\/post"}],"author":[{"embeddable":true,"href":"https:\/\/kravallslojd.se\/wordpress\/index.php?rest_route=\/wp\/v2\/users\/124"}],"replies":[{"embeddable":true,"href":"https:\/\/kravallslojd.se\/wordpress\/index.php?rest_route=%2Fwp%2Fv2%2Fcomments&post=3250"}],"version-history":[{"count":4,"href":"https:\/\/kravallslojd.se\/wordpress\/index.php?rest_route=\/wp\/v2\/posts\/3250\/revisions"}],"predecessor-version":[{"id":3270,"href":"https:\/\/kravallslojd.se\/wordpress\/index.php?rest_route=\/wp\/v2\/posts\/3250\/revisions\/3270"}],"wp:attachment":[{"href":"https:\/\/kravallslojd.se\/wordpress\/index.php?rest_route=%2Fwp%2Fv2%2Fmedia&parent=3250"}],"wp:term":[{"taxonomy":"category","embeddable":true,"href":"https:\/\/kravallslojd.se\/wordpress\/index.php?rest_route=%2Fwp%2Fv2%2Fcategories&post=3250"},{"taxonomy":"post_tag","embeddable":true,"href":"https:\/\/kravallslojd.se\/wordpress\/index.php?rest_route=%2Fwp%2Fv2%2Ftags&post=3250"}],"curies":[{"name":"wp","href":"https:\/\/api.w.org\/{rel}","templated":true}]}}