{"id":3272,"date":"2010-07-16T00:40:29","date_gmt":"2010-07-15T23:40:29","guid":{"rendered":"http:\/\/kravallslojd.se\/wordpress\/?p=3272"},"modified":"2010-07-16T00:40:29","modified_gmt":"2010-07-15T23:40:29","slug":"hangmattan-far-vanta","status":"publish","type":"post","link":"https:\/\/kravallslojd.se\/wordpress\/?p=3272","title":{"rendered":"H\u00e4ngmattan f\u00e5r v\u00e4nta"},"content":{"rendered":"<p>F\u00f6r n\u00e5gra \u00e5r sen v\u00e4vde jag en h\u00e4ngmatta i min tv\u00e5meters breda v\u00e4vstol.\u00a0V\u00e4vstolen \u00e4r ombyggd av v\u00e4vkompisen Barbros man Erik,\u00a0vilket gjort det\u00a0m\u00f6jligt att l\u00e5sa tramporna s\u00e5 sk\u00e4let st\u00e5r \u00f6ppet och man kan g\u00e5 och v\u00e4va. Inslaget \u00e4r bomullsgarn och jag drog ut p\u00e5 sidorna det s\u00e5 det skulle r\u00e4cka att tvinna ihop till att h\u00e4nga upp mattan i .<br \/>\nOptimist som jag \u00e4r, h\u00e4nger jag varje morgon ut den, i tron att jag ska ge mig tid att l\u00e4gga mig och slappa. Jag tror jag legat i tio minuter under de \u00e5r den funnits. Men det \u00e4r ju bra att alltid ha n\u00e5t att se fram emot, eller hur&#8230;?<\/p>\n<p><div id=\"attachment_3293\" style=\"width: 310px\" class=\"wp-caption aligncenter\"><a href=\"http:\/\/kravallslojd.se\/wordpress\/wp-content\/uploads\/2010\/07\/h\u00e4ngmatta.jpg\" ><img aria-describedby=\"caption-attachment-3293\" decoding=\"async\" loading=\"lazy\" class=\"size-medium wp-image-3293\" src=\"http:\/\/kravallslojd.se\/wordpress\/wp-content\/uploads\/2010\/07\/h\u00e4ngmatta-300x224.jpg\" alt=\"\" width=\"300\" height=\"224\" srcset=\"https:\/\/kravallslojd.se\/wordpress\/wp-content\/uploads\/2010\/07\/h\u00e4ngmatta-300x224.jpg 300w, https:\/\/kravallslojd.se\/wordpress\/wp-content\/uploads\/2010\/07\/h\u00e4ngmatta.jpg 567w\" sizes=\"(max-width: 300px) 100vw, 300px\" \/><\/a><p id=\"caption-attachment-3293\" class=\"wp-caption-text\">Dubbelv\u00e4vd med varpen knuten i makram\u00e9<\/p><\/div><\/p>\n<p>\u00a0Har fortfarande en hel del kvar att sy innan jag \u00e4r f\u00e4rdig med br\u00f6llopskl\u00e4derna. Men det \u00e4r ju en hel vecka kvar, s\u00e5 det ska nog g\u00e5. Har i vart fall beslutat att vi faktiskt kan ha st\u00e4ngt utst\u00e4llningen under helgen n\u00e4r festligheterna \u00e4ger rum. Det kan ju vara sv\u00e5rt att koncentrera sig p\u00e5 kunderna den dan, dessutom beh\u00f6vs lokalen f\u00f6r t\u00e5rtceremoni och dans. \u00c4r v\u00e4ldigt nyfiken p\u00e5 hur Annika lyckas med att g\u00f6ra ett t\u00e5rtfat i tr\u00e5dsl\u00f6jd som ska rymma ett 60-tal cupcakes och en t\u00e5rta p\u00e5 toppen. Lovar att skicka en bild p\u00e5 den senare.<\/p>\n<p><div id=\"attachment_3296\" style=\"width: 310px\" class=\"wp-caption aligncenter\"><a href=\"http:\/\/kravallslojd.se\/wordpress\/wp-content\/uploads\/2010\/07\/bord1.jpg\" ><img aria-describedby=\"caption-attachment-3296\" decoding=\"async\" loading=\"lazy\" class=\"size-medium wp-image-3296\" src=\"http:\/\/kravallslojd.se\/wordpress\/wp-content\/uploads\/2010\/07\/bord1-300x213.jpg\" alt=\"\" width=\"300\" height=\"213\" srcset=\"https:\/\/kravallslojd.se\/wordpress\/wp-content\/uploads\/2010\/07\/bord1-300x213.jpg 300w, https:\/\/kravallslojd.se\/wordpress\/wp-content\/uploads\/2010\/07\/bord1-1024x727.jpg 1024w, https:\/\/kravallslojd.se\/wordpress\/wp-content\/uploads\/2010\/07\/bord1.jpg 1417w\" sizes=\"(max-width: 300px) 100vw, 300px\" \/><\/a><p id=\"caption-attachment-3296\" class=\"wp-caption-text\">Lint\u00e5rta p\u00e5 tr\u00e5dfat<\/p><\/div><\/p>\n","protected":false},"excerpt":{"rendered":"<p>F\u00f6r n\u00e5gra \u00e5r sen v\u00e4vde jag en h\u00e4ngmatta i min tv\u00e5meters breda v\u00e4vstol.\u00a0V\u00e4vstolen \u00e4r ombyggd av v\u00e4vkompisen Barbros man Erik,\u00a0vilket gjort det\u00a0m\u00f6jligt att l\u00e5sa tramporna s\u00e5 sk\u00e4let st\u00e5r \u00f6ppet och man kan g\u00e5 och v\u00e4va. Inslaget \u00e4r bomullsgarn och jag drog ut p\u00e5 sidorna det s\u00e5 det skulle r\u00e4cka att tvinna ihop till att h\u00e4nga [&hellip;]<\/p>\n","protected":false},"author":124,"featured_media":3293,"comment_status":"open","ping_status":"open","sticky":false,"template":"","format":"standard","meta":[],"categories":[280],"tags":[],"_links":{"self":[{"href":"https:\/\/kravallslojd.se\/wordpress\/index.php?rest_route=\/wp\/v2\/posts\/3272"}],"collection":[{"href":"https:\/\/kravallslojd.se\/wordpress\/index.php?rest_route=\/wp\/v2\/posts"}],"about":[{"href":"https:\/\/kravallslojd.se\/wordpress\/index.php?rest_route=\/wp\/v2\/types\/post"}],"author":[{"embeddable":true,"href":"https:\/\/kravallslojd.se\/wordpress\/index.php?rest_route=\/wp\/v2\/users\/124"}],"replies":[{"embeddable":true,"href":"https:\/\/kravallslojd.se\/wordpress\/index.php?rest_route=%2Fwp%2Fv2%2Fcomments&post=3272"}],"version-history":[{"count":5,"href":"https:\/\/kravallslojd.se\/wordpress\/index.php?rest_route=\/wp\/v2\/posts\/3272\/revisions"}],"predecessor-version":[{"id":3299,"href":"https:\/\/kravallslojd.se\/wordpress\/index.php?rest_route=\/wp\/v2\/posts\/3272\/revisions\/3299"}],"wp:featuredmedia":[{"embeddable":true,"href":"https:\/\/kravallslojd.se\/wordpress\/index.php?rest_route=\/wp\/v2\/media\/3293"}],"wp:attachment":[{"href":"https:\/\/kravallslojd.se\/wordpress\/index.php?rest_route=%2Fwp%2Fv2%2Fmedia&parent=3272"}],"wp:term":[{"taxonomy":"category","embeddable":true,"href":"https:\/\/kravallslojd.se\/wordpress\/index.php?rest_route=%2Fwp%2Fv2%2Fcategories&post=3272"},{"taxonomy":"post_tag","embeddable":true,"href":"https:\/\/kravallslojd.se\/wordpress\/index.php?rest_route=%2Fwp%2Fv2%2Ftags&post=3272"}],"curies":[{"name":"wp","href":"https:\/\/api.w.org\/{rel}","templated":true}]}}